{"id":12253,"date":"2025-11-11T23:34:00","date_gmt":"2025-11-12T02:34:00","guid":{"rendered":"https:\/\/roteiroscariocas.com.br\/?p=12253"},"modified":"2025-11-12T23:34:40","modified_gmt":"2025-11-13T02:34:40","slug":"comissao-de-frente-da-vila-isabel-aposta-na-forca-do-samba-e-na-representatividade-para-2026","status":"publish","type":"post","link":"https:\/\/roteiroscariocas.com.br\/index.php\/2025\/11\/11\/comissao-de-frente-da-vila-isabel-aposta-na-forca-do-samba-e-na-representatividade-para-2026\/","title":{"rendered":"Comiss\u00e3o de Frente da Vila Isabel aposta na for\u00e7a do samba e na representatividade para 2026"},"content":{"rendered":"\n<h3 class=\"wp-block-heading\">Sob nova concep\u00e7\u00e3o coreogr\u00e1fica, a escola refor\u00e7a identidade negra e articula o percurso da dan\u00e7a ao ritmo do enredo<\/h3>\n\n\n\n<p>A comiss\u00e3o de frente da Unidos de Vila Isabel se prepara para o Carnaval 2026 com um convicto novo momento: sob o comando dos core\u00f3grafos Alex Neoral e Marcio Jah\u00fa, o grupo foi totalmente redesenhado para refletir o enredo que homenageia Heitor dos Prazeres e valorizar corpos pretos em movimentos e presen\u00e7a. Ap\u00f3s uma audi\u00e7\u00e3o com cerca de 200 candidatos, foram selecionados 20 bailarinos, todos negros, para protagonizar a abertura da escola na avenida. A proposta \u00e9 clara: a coreografia nasce do samba-enredo, e o samba-enredo alimenta a dan\u00e7a \u2014 num ciclo que reafirma a cultura popular da escola.<\/p>\n\n\n\n<p>O enredo intitulado \u201cMacumbemb\u00ea, Samboremb\u00e1: Sonhei que um Sambista Sonhou a \u00c1frica\u201d inspira os core\u00f3grafos a pensar gestos, ritmo e narrativa em harmonia com o hino da escola. Alex Neoral comentou que \u201co samba-enredo influenciou a comiss\u00e3o de frente\u201d e Marcio Jah\u00fa ressaltou o valor da \u201crepresentatividade e t\u00e9cnica\u201d como pilares do processo. A Vila Isabel redefine, assim, sua abertura para 2026: n\u00e3o apenas como espet\u00e1culo, mas como afirma\u00e7\u00e3o cultural.<\/p>\n","protected":false},"excerpt":{"rendered":"<p>Sob nova concep\u00e7\u00e3o coreogr\u00e1fica, a escola refor\u00e7a identidade negra e articula o percurso da dan\u00e7a ao ritmo do enredo A<\/p>\n","protected":false},"author":1,"featured_media":12254,"comment_status":"closed","ping_status":"open","sticky":false,"template":"","format":"standard","meta":{"colormag_page_container_layout":"default_layout","colormag_page_sidebar_layout":"default_layout","ngg_post_thumbnail":0,"footnotes":""},"categories":[33,37],"tags":[],"class_list":["post-12253","post","type-post","status-publish","format-standard","has-post-thumbnail","hentry","category-carnaval","category-especial"],"_links":{"self":[{"href":"https:\/\/roteiroscariocas.com.br\/index.php\/wp-json\/wp\/v2\/posts\/12253","targetHints":{"allow":["GET"]}}],"collection":[{"href":"https:\/\/roteiroscariocas.com.br\/index.php\/wp-json\/wp\/v2\/posts"}],"about":[{"href":"https:\/\/roteiroscariocas.com.br\/index.php\/wp-json\/wp\/v2\/types\/post"}],"author":[{"embeddable":true,"href":"https:\/\/roteiroscariocas.com.br\/index.php\/wp-json\/wp\/v2\/users\/1"}],"replies":[{"embeddable":true,"href":"https:\/\/roteiroscariocas.com.br\/index.php\/wp-json\/wp\/v2\/comments?post=12253"}],"version-history":[{"count":1,"href":"https:\/\/roteiroscariocas.com.br\/index.php\/wp-json\/wp\/v2\/posts\/12253\/revisions"}],"predecessor-version":[{"id":12255,"href":"https:\/\/roteiroscariocas.com.br\/index.php\/wp-json\/wp\/v2\/posts\/12253\/revisions\/12255"}],"wp:featuredmedia":[{"embeddable":true,"href":"https:\/\/roteiroscariocas.com.br\/index.php\/wp-json\/wp\/v2\/media\/12254"}],"wp:attachment":[{"href":"https:\/\/roteiroscariocas.com.br\/index.php\/wp-json\/wp\/v2\/media?parent=12253"}],"wp:term":[{"taxonomy":"category","embeddable":true,"href":"https:\/\/roteiroscariocas.com.br\/index.php\/wp-json\/wp\/v2\/categories?post=12253"},{"taxonomy":"post_tag","embeddable":true,"href":"https:\/\/roteiroscariocas.com.br\/index.php\/wp-json\/wp\/v2\/tags?post=12253"}],"curies":[{"name":"wp","href":"https:\/\/api.w.org\/{rel}","templated":true}]}}