{"id":14209,"date":"2026-01-03T22:32:22","date_gmt":"2026-01-04T01:32:22","guid":{"rendered":"https:\/\/roteiroscariocas.com.br\/?p=14209"},"modified":"2026-01-03T22:32:23","modified_gmt":"2026-01-04T01:32:23","slug":"portela-renova-com-mestre-vitinho-para-o-carnaval-de-2027","status":"publish","type":"post","link":"https:\/\/roteiroscariocas.com.br\/index.php\/2026\/01\/03\/portela-renova-com-mestre-vitinho-para-o-carnaval-de-2027\/","title":{"rendered":"Portela renova com Mestre Vitinho para o Carnaval de 2027"},"content":{"rendered":"\n<p>A Azul e Branca de Oswaldo Cruz e Madureira anunciou, neste s\u00e1bado (03), durante a tradicional Feijoada da Fam\u00edlia Portelense, a renova\u00e7\u00e3o de contrato com Mestre Vitinho, que seguir\u00e1 \u00e0 frente da bateria Tabajara do Samba para o Carnaval de 2027.<\/p>\n\n\n\n<p>O an\u00fancio foi feito pelo presidente Junior Escafura, em um momento de celebra\u00e7\u00e3o na quadra da escola, refor\u00e7ando a confian\u00e7a da diretoria no trabalho que vem sendo desenvolvido pelo mestre e principalmente na proposta de valorizar a prata da casa.<\/p>\n\n\n\n<p>Mestre Vitinho assumiu o comando da bateria em junho de 2025 e o Carnaval de 2026, marcar\u00e1 sua estreia oficial \u00e0 frente da Tabajara do Samba na Marqu\u00eas de Sapuca\u00ed.<\/p>\n\n\n\n<p>Emocionado com a renova\u00e7\u00e3o, Vitinho falou sobre a continuidade do trabalho.<\/p>\n\n\n\n<p>\u201cA Portela \u00e9 um sonho de menino que eu vivo todos os dias ao lado dos meus ritmistas. Seguir \u00e0 frente da Tabajara do Samba at\u00e9 o Carnaval de 2027 \u00e9 uma honra imensa. Quando assumi esse desafio, recebi a confian\u00e7a do presidente Junior Escafura e da vice-presidente Nilce Fran, a quem sou muito grato por todo suporte. Vamos seguir trabalhando com seriedade, amor e dedica\u00e7\u00e3o para honrar esse pavilh\u00e3o e fazer a Portela brilhar, declara Vitinho.<\/p>\n","protected":false},"excerpt":{"rendered":"<p>A Azul e Branca de Oswaldo Cruz e Madureira anunciou, neste s\u00e1bado (03), durante a tradicional Feijoada da Fam\u00edlia Portelense,<\/p>\n","protected":false},"author":1,"featured_media":14210,"comment_status":"closed","ping_status":"open","sticky":false,"template":"","format":"standard","meta":{"colormag_page_container_layout":"default_layout","colormag_page_sidebar_layout":"default_layout","ngg_post_thumbnail":0,"footnotes":""},"categories":[33,37,40,34],"tags":[],"class_list":["post-14209","post","type-post","status-publish","format-standard","has-post-thumbnail","hentry","category-carnaval","category-especial","category-hot","category-noticias"],"_links":{"self":[{"href":"https:\/\/roteiroscariocas.com.br\/index.php\/wp-json\/wp\/v2\/posts\/14209","targetHints":{"allow":["GET"]}}],"collection":[{"href":"https:\/\/roteiroscariocas.com.br\/index.php\/wp-json\/wp\/v2\/posts"}],"about":[{"href":"https:\/\/roteiroscariocas.com.br\/index.php\/wp-json\/wp\/v2\/types\/post"}],"author":[{"embeddable":true,"href":"https:\/\/roteiroscariocas.com.br\/index.php\/wp-json\/wp\/v2\/users\/1"}],"replies":[{"embeddable":true,"href":"https:\/\/roteiroscariocas.com.br\/index.php\/wp-json\/wp\/v2\/comments?post=14209"}],"version-history":[{"count":1,"href":"https:\/\/roteiroscariocas.com.br\/index.php\/wp-json\/wp\/v2\/posts\/14209\/revisions"}],"predecessor-version":[{"id":14211,"href":"https:\/\/roteiroscariocas.com.br\/index.php\/wp-json\/wp\/v2\/posts\/14209\/revisions\/14211"}],"wp:featuredmedia":[{"embeddable":true,"href":"https:\/\/roteiroscariocas.com.br\/index.php\/wp-json\/wp\/v2\/media\/14210"}],"wp:attachment":[{"href":"https:\/\/roteiroscariocas.com.br\/index.php\/wp-json\/wp\/v2\/media?parent=14209"}],"wp:term":[{"taxonomy":"category","embeddable":true,"href":"https:\/\/roteiroscariocas.com.br\/index.php\/wp-json\/wp\/v2\/categories?post=14209"},{"taxonomy":"post_tag","embeddable":true,"href":"https:\/\/roteiroscariocas.com.br\/index.php\/wp-json\/wp\/v2\/tags?post=14209"}],"curies":[{"name":"wp","href":"https:\/\/api.w.org\/{rel}","templated":true}]}}