{"id":14215,"date":"2026-01-04T20:26:05","date_gmt":"2026-01-04T23:26:05","guid":{"rendered":"https:\/\/roteiroscariocas.com.br\/?p=14215"},"modified":"2026-01-04T20:26:05","modified_gmt":"2026-01-04T23:26:05","slug":"unidos-de-vila-isabel-divulga-primeira-imagem-de-fantasia-para-o-carnaval-2026","status":"publish","type":"post","link":"https:\/\/roteiroscariocas.com.br\/index.php\/2026\/01\/04\/unidos-de-vila-isabel-divulga-primeira-imagem-de-fantasia-para-o-carnaval-2026\/","title":{"rendered":"Unidos de Vila Isabel divulga primeira imagem de fantasia para o Carnaval 2026"},"content":{"rendered":"\n<p>A Unidos de Vila Isabel divulgou, neste domingo, a primeira imagem oficial de uma das fantasias que estar\u00e3o na Avenida durante o desfile da escola, na ter\u00e7a-feira, 17 de fevereiro.<\/p>\n\n\n\n<p>A fantasia apresentada destaca os personagens Colombina e Arlequim e integra um conjunto de 60 fantasias que comp\u00f5em uma das alas do desfile da azul e branca de Noel. A cria\u00e7\u00e3o faz refer\u00eancia direta \u00e0 import\u00e2ncia musical de Heitor dos Prazeres para os carnavais de rua da cidade do Rio de Janeiro, exaltando sua contribui\u00e7\u00e3o para a cultura popular e para a hist\u00f3ria do samba.<\/p>\n\n\n\n<p>Entre as obras eternizadas pelo compositor est\u00e1 a marchinha \u201cPierr\u00f4 Apaixonado\u201d, parceria com Noel Rosa, o eterno Poeta da Vila, cuja liga\u00e7\u00e3o afetiva e art\u00edstica com a escola inspira o desenvolvimento do enredo.<\/p>\n\n\n\n<p>O grande bloco idealizado pelos carnavalescos Gabriel Haddad e Leonardo Bora contar\u00e1 com mais de 200 componentes, todos vestindo fantasias marcadas por cores vibrantes, alegria e um clima de nostalgia, celebrando a mem\u00f3ria musical e o esp\u00edrito dos antigos carnavais de rua.<\/p>\n\n\n\n<p>Em 2026, a Vila Isabel levar\u00e1 para a Marqu\u00eas de Sapuca\u00ed o enredo \u201cMacumbemb\u00ea, Samboremb\u00e1: Sonhei que um sambista sonhou a \u00c1frica\u201d, desenvolvido por Gabriel Haddad e Leonardo Bora, com pesquisa de Vinicius Natal. O tema presta tributo \u00e0 arte, \u00e0 ancestralidade e ao samba, celebrando a mem\u00f3ria de Heitor dos Prazeres, um dos grandes \u00edcones da cultura popular brasileira. Com uma proposta est\u00e9tica e narrativa potente, a escola promete um desfile que une mem\u00f3ria, emo\u00e7\u00e3o e identidade, em busca de mais um cap\u00edtulo vitorioso de sua hist\u00f3ria.<\/p>\n","protected":false},"excerpt":{"rendered":"<p>A Unidos de Vila Isabel divulgou, neste domingo, a primeira imagem oficial de uma das fantasias que estar\u00e3o na Avenida<\/p>\n","protected":false},"author":1,"featured_media":14216,"comment_status":"closed","ping_status":"open","sticky":false,"template":"","format":"standard","meta":{"colormag_page_container_layout":"default_layout","colormag_page_sidebar_layout":"default_layout","ngg_post_thumbnail":0,"footnotes":""},"categories":[33,36,37,40],"tags":[],"class_list":["post-14215","post","type-post","status-publish","format-standard","has-post-thumbnail","hentry","category-carnaval","category-destaques","category-especial","category-hot"],"_links":{"self":[{"href":"https:\/\/roteiroscariocas.com.br\/index.php\/wp-json\/wp\/v2\/posts\/14215","targetHints":{"allow":["GET"]}}],"collection":[{"href":"https:\/\/roteiroscariocas.com.br\/index.php\/wp-json\/wp\/v2\/posts"}],"about":[{"href":"https:\/\/roteiroscariocas.com.br\/index.php\/wp-json\/wp\/v2\/types\/post"}],"author":[{"embeddable":true,"href":"https:\/\/roteiroscariocas.com.br\/index.php\/wp-json\/wp\/v2\/users\/1"}],"replies":[{"embeddable":true,"href":"https:\/\/roteiroscariocas.com.br\/index.php\/wp-json\/wp\/v2\/comments?post=14215"}],"version-history":[{"count":1,"href":"https:\/\/roteiroscariocas.com.br\/index.php\/wp-json\/wp\/v2\/posts\/14215\/revisions"}],"predecessor-version":[{"id":14217,"href":"https:\/\/roteiroscariocas.com.br\/index.php\/wp-json\/wp\/v2\/posts\/14215\/revisions\/14217"}],"wp:featuredmedia":[{"embeddable":true,"href":"https:\/\/roteiroscariocas.com.br\/index.php\/wp-json\/wp\/v2\/media\/14216"}],"wp:attachment":[{"href":"https:\/\/roteiroscariocas.com.br\/index.php\/wp-json\/wp\/v2\/media?parent=14215"}],"wp:term":[{"taxonomy":"category","embeddable":true,"href":"https:\/\/roteiroscariocas.com.br\/index.php\/wp-json\/wp\/v2\/categories?post=14215"},{"taxonomy":"post_tag","embeddable":true,"href":"https:\/\/roteiroscariocas.com.br\/index.php\/wp-json\/wp\/v2\/tags?post=14215"}],"curies":[{"name":"wp","href":"https:\/\/api.w.org\/{rel}","templated":true}]}}