{"id":14218,"date":"2026-01-05T13:20:22","date_gmt":"2026-01-05T16:20:22","guid":{"rendered":"https:\/\/roteiroscariocas.com.br\/?p=14218"},"modified":"2026-01-05T13:20:23","modified_gmt":"2026-01-05T16:20:23","slug":"samba-libertador-inaugura-2026-em-novo-espaco-no-centro-do-rio-com-negao-da-serrinha-recebendo-a-bateria-do-salgueiro-joana-nascimento-e-enzo-belmonte","status":"publish","type":"post","link":"https:\/\/roteiroscariocas.com.br\/index.php\/2026\/01\/05\/samba-libertador-inaugura-2026-em-novo-espaco-no-centro-do-rio-com-negao-da-serrinha-recebendo-a-bateria-do-salgueiro-joana-nascimento-e-enzo-belmonte\/","title":{"rendered":"Samba Libertador inaugura 2026 em novo espa\u00e7o no Centro do Rio com Neg\u00e3o da Serrinha recebendo a bateria do Salgueiro, Joana Nascimento e\u00a0Enzo Belmonte"},"content":{"rendered":"\n<p>Evento passa a acontecer na Casa AfroRio e realiza primeira edi\u00e7\u00e3o do ano em 11 de janeiro.<\/p>\n\n\n\n<p>O Samba Libertador inicia a temporada 2026 em novo endere\u00e7o. A partir de janeiro, o evento passa a ocupar a Casa AfroRio, localizada no Beco das Sardinhas, no Centro do Rio de Janeiro, mantendo sua proposta de valoriza\u00e7\u00e3o do samba, do encontro e da conviv\u00eancia.<\/p>\n\n\n\n<p>A primeira edi\u00e7\u00e3o do ano acontece no domingo, 11 de janeiro, a partir das 14h. A programa\u00e7\u00e3o come\u00e7a com um set de brasilidades da DJ Orkidia, que incorpora elementos de percuss\u00e3o \u00e0 sua apresenta\u00e7\u00e3o.<\/p>\n\n\n\n<p>\u00c0s 15h30, Neg\u00e3o da Serrinha e m\u00fasicos sobem ao palco, com repert\u00f3rio voltado ao samba de raiz e can\u00e7\u00f5es consagradas do g\u00eanero. A edi\u00e7\u00e3o contar\u00e1 ainda com participa\u00e7\u00f5es especiais dos cantores Enzo Belmonte e Joana Nascimento. Al\u00e9m de convidados surpresas que se tornaram a marca do evento.<\/p>\n\n\n\n<p>A bateria do Acad\u00eamicos do Salgueiro, escola de samba nove vezes campe\u00e3 do Carnaval carioca, refor\u00e7a o line up do evento, com a apresenta\u00e7\u00e3o de sambas marcantes de sua trajet\u00f3ria, como Peguei um Ita no Norte (1993) &#8211; mais conhecido como Explode Cora\u00e7\u00e3o &#8211; e Tambor (2009), t\u00edtulos mais recentes da agremia\u00e7\u00e3o.<\/p>\n\n\n\n<p>Al\u00e9m das atra\u00e7\u00f5es musicais, o evento oferece servi\u00e7o de bar &#8211; cervejas e drinks cl\u00e1ssicos &#8211; e alimenta\u00e7\u00e3o, com comidas t\u00edpicas de botequim. Em novo endere\u00e7o, o Samba Libertador segue como uma op\u00e7\u00e3o cultural voltada ao p\u00fablico que busca rodas de samba em formato acess\u00edvel e cont\u00ednuo no Centro da cidade.<\/p>\n\n\n\n<p>Em suas quatro primeiras edi\u00e7\u00f5es, o Samba Libertador contou com as participa\u00e7\u00f5es especiais de Neguinho da Beija-Flor, Dorina, Serj\u00e3o Loroza, Andr\u00e9 Lara, Marcelinho Moreira, Raoni, Dandara e Guido Ventapane, Gabby Souza (ex-The Voice Brasil), entre outros.<\/p>\n\n\n\n<p><strong><u>SERVI\u00c7O<\/u><\/strong><strong><br>Samba Libertador | Vem 2026<br><\/strong>Data: 11 de janeiro<br>Hor\u00e1rio: a partir das 14h<br>Local: Casa AfroRio \u2013 Rua Acre, 96, Centro<br>Ingressos: R$ 25<\/p>\n\n\n\n<p>Mais informa\u00e7\u00f5es: 21 99510-7636- Matheus Giffoni \/ 21 99729-8149- Flavia Jacomo 21970423109- Enildo Viola.<\/p>\n\n\n\n<p>Classifica\u00e7\u00e3o: 18 anos .<\/p>\n","protected":false},"excerpt":{"rendered":"<p>Evento passa a acontecer na Casa AfroRio e realiza primeira edi\u00e7\u00e3o do ano em 11 de janeiro. O Samba Libertador<\/p>\n","protected":false},"author":1,"featured_media":14219,"comment_status":"closed","ping_status":"open","sticky":false,"template":"","format":"standard","meta":{"colormag_page_container_layout":"default_layout","colormag_page_sidebar_layout":"default_layout","ngg_post_thumbnail":0,"footnotes":""},"categories":[33,34],"tags":[],"class_list":["post-14218","post","type-post","status-publish","format-standard","has-post-thumbnail","hentry","category-carnaval","category-noticias"],"_links":{"self":[{"href":"https:\/\/roteiroscariocas.com.br\/index.php\/wp-json\/wp\/v2\/posts\/14218","targetHints":{"allow":["GET"]}}],"collection":[{"href":"https:\/\/roteiroscariocas.com.br\/index.php\/wp-json\/wp\/v2\/posts"}],"about":[{"href":"https:\/\/roteiroscariocas.com.br\/index.php\/wp-json\/wp\/v2\/types\/post"}],"author":[{"embeddable":true,"href":"https:\/\/roteiroscariocas.com.br\/index.php\/wp-json\/wp\/v2\/users\/1"}],"replies":[{"embeddable":true,"href":"https:\/\/roteiroscariocas.com.br\/index.php\/wp-json\/wp\/v2\/comments?post=14218"}],"version-history":[{"count":1,"href":"https:\/\/roteiroscariocas.com.br\/index.php\/wp-json\/wp\/v2\/posts\/14218\/revisions"}],"predecessor-version":[{"id":14220,"href":"https:\/\/roteiroscariocas.com.br\/index.php\/wp-json\/wp\/v2\/posts\/14218\/revisions\/14220"}],"wp:featuredmedia":[{"embeddable":true,"href":"https:\/\/roteiroscariocas.com.br\/index.php\/wp-json\/wp\/v2\/media\/14219"}],"wp:attachment":[{"href":"https:\/\/roteiroscariocas.com.br\/index.php\/wp-json\/wp\/v2\/media?parent=14218"}],"wp:term":[{"taxonomy":"category","embeddable":true,"href":"https:\/\/roteiroscariocas.com.br\/index.php\/wp-json\/wp\/v2\/categories?post=14218"},{"taxonomy":"post_tag","embeddable":true,"href":"https:\/\/roteiroscariocas.com.br\/index.php\/wp-json\/wp\/v2\/tags?post=14218"}],"curies":[{"name":"wp","href":"https:\/\/api.w.org\/{rel}","templated":true}]}}