{"id":14221,"date":"2026-01-05T13:23:26","date_gmt":"2026-01-05T16:23:26","guid":{"rendered":"https:\/\/roteiroscariocas.com.br\/?p=14221"},"modified":"2026-01-05T13:23:27","modified_gmt":"2026-01-05T16:23:27","slug":"nesta-sexta-feira9-vai-rolar-a-3a-edicao-do-carnaval-do-samuka-no-casarao-do-firmino-com-show-do-grupo-os-puxadores-do-samba-e-bateria-da-beija-flor-de-nilopolis","status":"publish","type":"post","link":"https:\/\/roteiroscariocas.com.br\/index.php\/2026\/01\/05\/nesta-sexta-feira9-vai-rolar-a-3a-edicao-do-carnaval-do-samuka-no-casarao-do-firmino-com-show-do-grupo-os-puxadores-do-samba-e-bateria-da-beija-flor-de-nilopolis\/","title":{"rendered":"Nesta\u00a0sexta-feira(9) , vai rolar a 3\u00aa Edi\u00e7\u00e3o do Carnaval do Samuka no Casar\u00e3o do Firmino com show do Grupo os Puxadores do Samba e bateria da Beija-Flor de Nil\u00f3polis.\u00a0"},"content":{"rendered":"\n<p><strong>A abertura fica por conta da Banda do Casar\u00e3o\u00a0e DJ Nicolle Neumann nos intervalos.<\/strong><\/p>\n\n\n\n<p><strong>O carnaval&nbsp;est\u00e1 se aproximando, e o Casar\u00e3o do Firmino come\u00e7a a esquentar os tamborins com aquele clima de folia. Nesta sexta-feira, dia 9 de janeiro, a partir das 18h, o ator Samuel de Assis, que interpreta Jo\u00e3o Rubens&nbsp;na novela das nove&nbsp;<em>\u201cTr\u00eas Gra\u00e7as\u201d, realiza a terceira edi\u00e7\u00e3o do Carnaval do Samuca. A previs\u00e3o de p\u00fablico \u00e9 de aproximadamente 3 mil pessoas no Casar\u00e3o do Firmino. A dica \u00e9 chegar cedo para n\u00e3o ficar do lado de fora.<\/em><\/strong><\/p>\n\n\n\n<p><strong><em>Nesta edi\u00e7\u00e3o, o ator vai receber o Grupo os Puxadores do Samba e a bateria da atual campe\u00e3 do carnaval carioca, a Beija-Flor de Nil\u00f3polis,&nbsp; para uma noite inesquec\u00edvel&nbsp;com muito pagode&nbsp;e&nbsp;sambas que marcaram \u00e9poca e os da atualidade que v\u00e3o estar na Sapuca\u00ed.<\/em><\/strong><strong><\/strong><\/p>\n\n\n\n<p><strong>A abertura fica por conta da Banda do Casar\u00e3o&nbsp;e DJ Nicolle Neumann nos intervalos. A festa tem Chopp 0800\/ liberado das 18h \u00e0s 19h30. Os ingressos j\u00e1 est\u00e3o \u00e0 venda: R$ 20,00.&nbsp;<a href=\"https:\/\/www.sympla.com.br\/evento\/carnaval-do-samuka-puxadores-do-samba-banda-do-casarao\/3264375\" target=\"_blank\" rel=\"noreferrer noopener\">https:\/\/www.sympla.com.br\/evento\/carnaval-do-samuka-puxadores-do-samba-banda-do-casarao\/3264375<\/a>&nbsp;&nbsp;Mais informa\u00e7\u00f5es e d\u00favidas, chame no Whatsapp atrav\u00e9s do n\u00famero (21) 99826-2068. Classifica\u00e7\u00e3o: 18 anos.<\/strong><\/p>\n\n\n\n<p><strong>PUXADORES DO SAMBA<\/strong><strong><\/strong><\/p>\n\n\n\n<p><strong>TINGA, MARQUINHOS ART\u2019SAMBA, SERGINHO DO PORTO, BRUNO RIBAS E WANTUIR<\/strong><strong><\/strong><\/p>\n\n\n\n<p><strong>O sucesso faz com que o Samba dos Puxadores volte ao Casar\u00e3o do Firmino para mais uma noite inesquec\u00edvel! No dia 9 de janeiro, cinco vozes consagradas do carnaval \u2014 Tinga (Vila Isabel), Marquinhos Art\u2019Samba (Unidos da Tijuca), Serginho do Porto (\u00c1guia de Ouro e Est\u00e1cio de S\u00e1), Bruno Ribas (Unidos de Padre Miguel) e Wantuir (Porto da Pedra) \u2014 v\u00e3o conduzir o p\u00fablico por uma verdadeira viagem musical. Dos pagodes que marcaram os anos 1990, passando pelos cl\u00e1ssicos dos anos 2000, at\u00e9 o grande momento de desembarcar na Marqu\u00eas de Sapuca\u00ed com os sambas-enredo que fizeram hist\u00f3ria.<\/strong><\/p>\n\n\n\n<p><strong>O repert\u00f3rio rever\u00eancia gigantes da nossa m\u00fasica como Jorge Arag\u00e3o, Dona Ivone Lara, Xande de Pilares, Neguinho da Beija-Flor, Renato da Rocinha e Zeca Pagodinho. Tamb\u00e9m celebra nomes que ajudaram a construir a identidade do grupo, como Dominguinhos do Est\u00e1cio, Jackson Martins e Preto Joia, presentes na primeira forma\u00e7\u00e3o dos Puxadores do Samba. Mantendo a ess\u00eancia de sua cria\u00e7\u00e3o, o grupo tem como miss\u00e3o colaborar na ascens\u00e3o da visibilidade dos int\u00e9rpretes e promover a reflex\u00e3o sobre o reconhecimento dado ao of\u00edcio.<\/strong><\/p>\n\n\n\n<p><strong>Sobre o Casar\u00e3o do Firmino<\/strong><\/p>\n\n\n\n<p><strong>Sobre a Casa, um \u201cPal\u00e1cio do Samba\u201d, como \u00e9 popularmente conhecido, localizado no ber\u00e7o da boemia carioca, no bairro da Lapa, entre o Centro e a zona sul do Rio de Janeiro, o Casar\u00e3o do Firmino \u00e9 conhecido pelas tradicionais rodas de samba que re\u00fanem grandes nomes do cen\u00e1rio musical, pessoas de todos os cantos do Rio de Janeiro, al\u00e9m de turistas brasileiros e estrangeiros.<br>&nbsp;<\/strong><\/p>\n\n\n\n<p><strong>O idealizador do Casar\u00e3o \u00e9 o empres\u00e1rio Carlos Firmino, de 42 anos, que d\u00e1 nome ao espa\u00e7o cultural, que ocupa uma \u00e1rea coberta e ampla, de f\u00e1cil acesso, situada na efervesc\u00eancia cultural do Rio. O Casar\u00e3o tamb\u00e9m \u00e9 s\u00edmbolo de resist\u00eancia. Os eventos buscam resgatar a ess\u00eancia do samba, com entradas gratuitas ou colaborativas, em que cada frequentador contribui se quiser e com quanto puder. O principal objetivo \u00e9 manter vivo o ritmo que mexe com pessoas do mundo inteiro.<\/strong><\/p>\n\n\n\n<p><strong>\u201cAmarra a marimba e espalha a fofoca!\u201d O bord\u00e3o j\u00e1 \u00e9 uma marca. A express\u00e3o criada por Carlos Firmino para divulgar as atra\u00e7\u00f5es do Casar\u00e3o, hoje, \u00e9 repetida por artistas e frequentadores ass\u00edduos do espa\u00e7o mais concorrido da bo\u00eamia Lapa. E n\u00e3o apenas a frase ganhou fama. A fila que se estende pela rua da Rela\u00e7\u00e3o e toma a cal\u00e7ada da esquina, na Lavradio, refor\u00e7a que Pal\u00e1cio do Samba \u00e9 ponto de encontro de cariocas e turistas.<\/strong><\/p>\n\n\n\n<p><strong>Ali\u00e1s, o local parece estar mesmo na moda. \u00c9 cada vez mais comum encontrar no estacionamento decorado &#8211; s\u00e3o samambaias, l\u00e2mpadas, placas e pinturas que celebram orix\u00e1s e homenageiam Nelson Mandela &#8211; atores, atrizes, jornalistas, influenciadores digitais e grandes nomes do mundo do samba. Recentemente, Jorge Arag\u00e3o, Moacyr Luz, Xande de Pilares, Pique Novo, Sombrinha, Feyj\u00e3o, Marquinhos Sensa\u00e7\u00e3o, Gustavo Lins, Netinho de Paula, Grygor passaram pela casa.<\/strong><\/p>\n\n\n\n<p><strong>SERVI\u00c7O:<\/strong><\/p>\n\n\n\n<p><strong>3\u00aa Edi\u00e7\u00e3o do Carnaval do Samuka no Casar\u00e3o do Firmino com show do Grupo os Puxadores do Samba e bateria da Beija-Flor de Nil\u00f3polis.&nbsp;<\/strong><\/p>\n\n\n\n<p><strong>A abertura fica por conta da Banda do Casar\u00e3o e&nbsp;DJ Nicolle Neumann nos intervalos.<\/strong><\/p>\n\n\n\n<p><strong>&nbsp;Data:&nbsp; 9 de janeiro de 2026, sexta-feira.<\/strong><\/p>\n\n\n\n<p><strong>Local:&nbsp;&nbsp;Casar\u00e3o do Firmino<\/strong><\/p>\n\n\n\n<p><strong>Endere\u00e7o: Rua da Rela\u00e7\u00e3o, 19- Lapa\/ Centro do Rio.<\/strong><\/p>\n\n\n\n<p><strong>&nbsp;Hor\u00e1rio: A partir das 18h, com Chopp 0800\/liberado das 18h \u00e0s 19h30.<\/strong><\/p>\n\n\n\n<p><strong>Entrada:&nbsp;Os ingressos j\u00e1 est\u00e3o \u00e0 venda: 1\u00ba Lote R$20,00 reais.&nbsp;<a href=\"https:\/\/www.sympla.com.br\/evento\/carnaval-do-samuka-puxadores-do-samba-banda-do-casarao\/3264375\" target=\"_blank\" rel=\"noreferrer noopener\">https:\/\/www.sympla.com.br\/evento\/carnaval-do-samuka-puxadores-do-samba-banda-do-casarao\/3264375<\/a>&nbsp;.Corra para garantir logo o &nbsp;seu. Mais informa\u00e7\u00f5es e d\u00favidas, chame no Whatsapp atrav\u00e9s do n\u00famero (21) 99826-2068.<\/strong><\/p>\n\n\n\n<p><strong>Classifica\u00e7\u00e3o: 18 anos&nbsp;<\/strong><\/p>\n","protected":false},"excerpt":{"rendered":"<p>A abertura fica por conta da Banda do Casar\u00e3o\u00a0e DJ Nicolle Neumann nos intervalos. O carnaval&nbsp;est\u00e1 se aproximando, e o<\/p>\n","protected":false},"author":1,"featured_media":14222,"comment_status":"closed","ping_status":"open","sticky":false,"template":"","format":"standard","meta":{"colormag_page_container_layout":"default_layout","colormag_page_sidebar_layout":"default_layout","ngg_post_thumbnail":0,"footnotes":""},"categories":[33,34],"tags":[],"class_list":["post-14221","post","type-post","status-publish","format-standard","has-post-thumbnail","hentry","category-carnaval","category-noticias"],"_links":{"self":[{"href":"https:\/\/roteiroscariocas.com.br\/index.php\/wp-json\/wp\/v2\/posts\/14221","targetHints":{"allow":["GET"]}}],"collection":[{"href":"https:\/\/roteiroscariocas.com.br\/index.php\/wp-json\/wp\/v2\/posts"}],"about":[{"href":"https:\/\/roteiroscariocas.com.br\/index.php\/wp-json\/wp\/v2\/types\/post"}],"author":[{"embeddable":true,"href":"https:\/\/roteiroscariocas.com.br\/index.php\/wp-json\/wp\/v2\/users\/1"}],"replies":[{"embeddable":true,"href":"https:\/\/roteiroscariocas.com.br\/index.php\/wp-json\/wp\/v2\/comments?post=14221"}],"version-history":[{"count":1,"href":"https:\/\/roteiroscariocas.com.br\/index.php\/wp-json\/wp\/v2\/posts\/14221\/revisions"}],"predecessor-version":[{"id":14223,"href":"https:\/\/roteiroscariocas.com.br\/index.php\/wp-json\/wp\/v2\/posts\/14221\/revisions\/14223"}],"wp:featuredmedia":[{"embeddable":true,"href":"https:\/\/roteiroscariocas.com.br\/index.php\/wp-json\/wp\/v2\/media\/14222"}],"wp:attachment":[{"href":"https:\/\/roteiroscariocas.com.br\/index.php\/wp-json\/wp\/v2\/media?parent=14221"}],"wp:term":[{"taxonomy":"category","embeddable":true,"href":"https:\/\/roteiroscariocas.com.br\/index.php\/wp-json\/wp\/v2\/categories?post=14221"},{"taxonomy":"post_tag","embeddable":true,"href":"https:\/\/roteiroscariocas.com.br\/index.php\/wp-json\/wp\/v2\/tags?post=14221"}],"curies":[{"name":"wp","href":"https:\/\/api.w.org\/{rel}","templated":true}]}}