{"id":14227,"date":"2026-01-05T20:28:51","date_gmt":"2026-01-05T23:28:51","guid":{"rendered":"https:\/\/roteiroscariocas.com.br\/?p=14227"},"modified":"2026-01-05T20:28:51","modified_gmt":"2026-01-05T23:28:51","slug":"portela-molhada-de-chuva-e-carregada-de-axe-a-aguia-abre-2026-voando-alto","status":"publish","type":"post","link":"https:\/\/roteiroscariocas.com.br\/index.php\/2026\/01\/05\/portela-molhada-de-chuva-e-carregada-de-axe-a-aguia-abre-2026-voando-alto\/","title":{"rendered":"Portela molhada de chuva e carregada de ax\u00e9: a \u00c1guia abre 2026 voando alto"},"content":{"rendered":"\n<p><strong>Na Estrada do Portela, o \u201cprimeiro teste do ano\u201d vira celebra\u00e7\u00e3o, com canto avassalador, evolu\u00e7\u00e3o fluida e o samba ganhando ainda mais corpo<\/strong><\/p>\n\n\n\n<p>A Portela abriu a temporada de ensaios de rua de 2026 do jeito que a comunidade gosta: com a rua cheia, o astral l\u00e1 em cima e a sensa\u00e7\u00e3o de que a escola segue em crescente. A chuva fraca apareceu como ingrediente inesperado, mas longe de atrapalhar, pareceu lavar a alma do portelense e temperar o ensaio com ainda mais emo\u00e7\u00e3o. A azul e branco mostrou uma agremia\u00e7\u00e3o renovada, confiante e com fome de grande desfile no domingo de Carnaval, quando levar\u00e1 \u00e0 Sapuca\u00ed o enredo \u201cO Mist\u00e9rio do Pr\u00edncipe do Bar\u00e1 \u2013 A Ora\u00e7\u00e3o do Negrinho e a Ressurrei\u00e7\u00e3o de sua Coroa sob o C\u00e9u Aberto do Rio Grande\u201d, desenvolvido por Andr\u00e9 Rodrigues.<\/p>\n\n\n\n<p>O primeiro casal, Marlon e Squel, entrou energizado, embalado por aplausos e com apresenta\u00e7\u00e3o solta, ampla e vibrante. Squel aproveitou o espa\u00e7o com giros de impacto, e, mesmo com um pequeno desencontro rapidamente corrigido, o conjunto manteve precis\u00e3o e presen\u00e7a, com Marlon crescendo especialmente no refr\u00e3o principal. A evolu\u00e7\u00e3o confirmou a boa fase: fluidez, ritmo constante, alas compactadas e equil\u00edbrio entre empolga\u00e7\u00e3o e t\u00e9cnica, com exce\u00e7\u00e3o natural dos passistas, que desfilam mais soltos. Nem a pista molhada mudou o desenho do ensaio, que seguiu firme at\u00e9 o fim, fechado com show da bateria de mestre Vitinho.<\/p>\n\n\n\n<p>No canto, a Portela voltou a ser avassaladora. A comunidade cantou em un\u00edssono, como louva\u00e7\u00e3o, com empolga\u00e7\u00e3o e espontaneidade, e at\u00e9 alas que costumam oscilar vieram fortes. O samba, bonito, envolvente e extremamente funcional, sustenta essa entrega e cresce a cada ensaio, especialmente no refr\u00e3o central que j\u00e1 virou ponto de explos\u00e3o coletiva. Z\u00e9 Paulo domina as varia\u00e7\u00f5es mel\u00f3dicas e conduz com seguran\u00e7a, lendo a rua e colocando g\u00e1s quando sente que precisa, sem depender de roteiro. \u00c9 o tipo de comando que transforma ensaio em acontecimento.<\/p>\n\n\n\n<p>Entre os destaques, a bateria levantou a Estrada com bossas coreografadas e abriu caminho para Bianca Monteiro brilhar com carisma e samba no p\u00e9. O segundo casal, Vin\u00edcius Jesus e Thain\u00e1 Teixeira, tamb\u00e9m mostrou talento e sincronia, refor\u00e7ando o n\u00edvel alto do quesito. No saldo final, a mensagem \u00e9 clara: a Portela come\u00e7a 2026 com identidade, for\u00e7a comunit\u00e1ria e um canto que j\u00e1 parece de Sapuca\u00ed.<\/p>\n","protected":false},"excerpt":{"rendered":"<p>Na Estrada do Portela, o \u201cprimeiro teste do ano\u201d vira celebra\u00e7\u00e3o, com canto avassalador, evolu\u00e7\u00e3o fluida e o samba ganhando<\/p>\n","protected":false},"author":1,"featured_media":14228,"comment_status":"closed","ping_status":"open","sticky":false,"template":"","format":"standard","meta":{"colormag_page_container_layout":"default_layout","colormag_page_sidebar_layout":"default_layout","ngg_post_thumbnail":0,"footnotes":""},"categories":[33,36,37,40],"tags":[],"class_list":["post-14227","post","type-post","status-publish","format-standard","has-post-thumbnail","hentry","category-carnaval","category-destaques","category-especial","category-hot"],"_links":{"self":[{"href":"https:\/\/roteiroscariocas.com.br\/index.php\/wp-json\/wp\/v2\/posts\/14227","targetHints":{"allow":["GET"]}}],"collection":[{"href":"https:\/\/roteiroscariocas.com.br\/index.php\/wp-json\/wp\/v2\/posts"}],"about":[{"href":"https:\/\/roteiroscariocas.com.br\/index.php\/wp-json\/wp\/v2\/types\/post"}],"author":[{"embeddable":true,"href":"https:\/\/roteiroscariocas.com.br\/index.php\/wp-json\/wp\/v2\/users\/1"}],"replies":[{"embeddable":true,"href":"https:\/\/roteiroscariocas.com.br\/index.php\/wp-json\/wp\/v2\/comments?post=14227"}],"version-history":[{"count":1,"href":"https:\/\/roteiroscariocas.com.br\/index.php\/wp-json\/wp\/v2\/posts\/14227\/revisions"}],"predecessor-version":[{"id":14229,"href":"https:\/\/roteiroscariocas.com.br\/index.php\/wp-json\/wp\/v2\/posts\/14227\/revisions\/14229"}],"wp:featuredmedia":[{"embeddable":true,"href":"https:\/\/roteiroscariocas.com.br\/index.php\/wp-json\/wp\/v2\/media\/14228"}],"wp:attachment":[{"href":"https:\/\/roteiroscariocas.com.br\/index.php\/wp-json\/wp\/v2\/media?parent=14227"}],"wp:term":[{"taxonomy":"category","embeddable":true,"href":"https:\/\/roteiroscariocas.com.br\/index.php\/wp-json\/wp\/v2\/categories?post=14227"},{"taxonomy":"post_tag","embeddable":true,"href":"https:\/\/roteiroscariocas.com.br\/index.php\/wp-json\/wp\/v2\/tags?post=14227"}],"curies":[{"name":"wp","href":"https:\/\/api.w.org\/{rel}","templated":true}]}}