{"id":14230,"date":"2026-01-05T20:46:24","date_gmt":"2026-01-05T23:46:24","guid":{"rendered":"https:\/\/roteiroscariocas.com.br\/?p=14230"},"modified":"2026-01-05T20:46:24","modified_gmt":"2026-01-05T23:46:24","slug":"o-samba-da-vila-isabel-caiu-na-boca-do-povo-e-virou-hino-antes-da-avenida","status":"publish","type":"post","link":"https:\/\/roteiroscariocas.com.br\/index.php\/2026\/01\/05\/o-samba-da-vila-isabel-caiu-na-boca-do-povo-e-virou-hino-antes-da-avenida\/","title":{"rendered":"O samba da Vila Isabel caiu na boca do povo e virou hino antes da Avenida"},"content":{"rendered":"\n<p><strong>Quando uma obra atravessa a arquibancada invis\u00edvel do pr\u00e9-carnaval, ela deixa de ser \u201cda escola\u201d e passa a ser do Carnaval inteiro<\/strong><\/p>\n\n\n\n<p>H\u00e1 sambas que nascem para defender um enredo. E h\u00e1 sambas que, antes mesmo do desfile, j\u00e1 come\u00e7am a cumprir outra miss\u00e3o: unir o povo do Carnaval em torno de uma mesma emo\u00e7\u00e3o. O samba da Vila Isabel para 2026 \u00e9 desses. Desde que as parcerias foram anunciadas, uma composi\u00e7\u00e3o se adiantou no imagin\u00e1rio coletivo \u2014 assinada por Andr\u00e9 Diniz, Evandro Boc\u00e3o e Arlindinho \u2014 e, quando foi escolhida, pareceu menos uma vit\u00f3ria de disputa e mais um reconhecimento inevit\u00e1vel: a obra j\u00e1 estava acontecendo nas ruas, nas rodas e no canto de quem nem veste azul e branco.<\/p>\n\n\n\n<p>Os n\u00fameros apenas confirmam o que o ouvido j\u00e1 sabia. A vers\u00e3o de disputa, na voz de Wander Pires, ganhou tra\u00e7\u00e3o de fen\u00f4meno e o samba passou a circular como m\u00fasica de temporada, n\u00e3o apenas como \u201csamba de escola\u201d. Mas o dado mais importante n\u00e3o \u00e9 estat\u00edstico: \u00e9 humano. A cozinha, a cal\u00e7ada e a arquibancada informal do pr\u00e9-carnaval come\u00e7aram a repetir os versos com aquela convic\u00e7\u00e3o que s\u00f3 aparece quando o samba encosta no cora\u00e7\u00e3o.<\/p>\n\n\n\n<p>O mais revelador \u00e9 como esse entusiasmo atravessa fronteiras. Sambistas que n\u00e3o torcem pela Vila se renderam. H\u00e1 quem diga que \u00e9 samba \u201cpara quem tem entendimento\u201d, desses que mexem com o p\u00fablico inteiro e criam arrepio coletivo. H\u00e1 quem reconhe\u00e7a a for\u00e7a do canto e a vibra\u00e7\u00e3o da escola, j\u00e1 projetando briga l\u00e1 em cima. H\u00e1 quem chame de antol\u00f3gico \u2014 daqueles que marcam uma d\u00e9cada \u2014 ainda que cobre mais empolga\u00e7\u00e3o de performance. E h\u00e1 quem resuma tudo com a frase que vale ouro nesta \u00e9poca do ano: \u201cest\u00e1 na boca do povo\u201d.<\/p>\n\n\n\n<p>Em 2026, a Vila Isabel levar\u00e1 para a Avenida o enredo \u201cMacumbemb\u00ea, Samboremb\u00e1: Sonhei que um Sambista Sonhou a \u00c1frica\u201d, desenvolvido por Gabriel Haddad e Leonardo Bora, com enredo de Vinicius Natal, em homenagem ao multiartista Heitor dos Prazeres. E talvez o maior sinal de for\u00e7a seja este: quando o samba j\u00e1 vence a rua antes de vencer a Sapuca\u00ed, ele chega no desfile com um patrim\u00f4nio raro \u2014 a vontade coletiva de cantar junto.<\/p>\n","protected":false},"excerpt":{"rendered":"<p>Quando uma obra atravessa a arquibancada invis\u00edvel do pr\u00e9-carnaval, ela deixa de ser \u201cda escola\u201d e passa a ser do<\/p>\n","protected":false},"author":1,"featured_media":14231,"comment_status":"closed","ping_status":"open","sticky":false,"template":"","format":"standard","meta":{"colormag_page_container_layout":"default_layout","colormag_page_sidebar_layout":"default_layout","ngg_post_thumbnail":0,"footnotes":""},"categories":[33,36,37,40],"tags":[],"class_list":["post-14230","post","type-post","status-publish","format-standard","has-post-thumbnail","hentry","category-carnaval","category-destaques","category-especial","category-hot"],"_links":{"self":[{"href":"https:\/\/roteiroscariocas.com.br\/index.php\/wp-json\/wp\/v2\/posts\/14230","targetHints":{"allow":["GET"]}}],"collection":[{"href":"https:\/\/roteiroscariocas.com.br\/index.php\/wp-json\/wp\/v2\/posts"}],"about":[{"href":"https:\/\/roteiroscariocas.com.br\/index.php\/wp-json\/wp\/v2\/types\/post"}],"author":[{"embeddable":true,"href":"https:\/\/roteiroscariocas.com.br\/index.php\/wp-json\/wp\/v2\/users\/1"}],"replies":[{"embeddable":true,"href":"https:\/\/roteiroscariocas.com.br\/index.php\/wp-json\/wp\/v2\/comments?post=14230"}],"version-history":[{"count":1,"href":"https:\/\/roteiroscariocas.com.br\/index.php\/wp-json\/wp\/v2\/posts\/14230\/revisions"}],"predecessor-version":[{"id":14232,"href":"https:\/\/roteiroscariocas.com.br\/index.php\/wp-json\/wp\/v2\/posts\/14230\/revisions\/14232"}],"wp:featuredmedia":[{"embeddable":true,"href":"https:\/\/roteiroscariocas.com.br\/index.php\/wp-json\/wp\/v2\/media\/14231"}],"wp:attachment":[{"href":"https:\/\/roteiroscariocas.com.br\/index.php\/wp-json\/wp\/v2\/media?parent=14230"}],"wp:term":[{"taxonomy":"category","embeddable":true,"href":"https:\/\/roteiroscariocas.com.br\/index.php\/wp-json\/wp\/v2\/categories?post=14230"},{"taxonomy":"post_tag","embeddable":true,"href":"https:\/\/roteiroscariocas.com.br\/index.php\/wp-json\/wp\/v2\/tags?post=14230"}],"curies":[{"name":"wp","href":"https:\/\/api.w.org\/{rel}","templated":true}]}}