{"id":14242,"date":"2026-01-06T22:29:35","date_gmt":"2026-01-07T01:29:35","guid":{"rendered":"https:\/\/roteiroscariocas.com.br\/?p=14242"},"modified":"2026-01-06T22:29:35","modified_gmt":"2026-01-07T01:29:35","slug":"filho-e-netos-de-heitor-dos-prazeres-visitam-barracao-da-vila-isabel","status":"publish","type":"post","link":"https:\/\/roteiroscariocas.com.br\/index.php\/2026\/01\/06\/filho-e-netos-de-heitor-dos-prazeres-visitam-barracao-da-vila-isabel\/","title":{"rendered":"Filho e netos de Heitor dos Prazeres visitam barrac\u00e3o da Vila Isabel"},"content":{"rendered":"\n<p><em>Heitorzinho se emociona ao saber que ser\u00e1 homenageado pela escola mirim Herdeiros da Vila<\/em><br>Nesta segunda-feira (5), filhos e netos do multiartista Heitor dos Prazeres visitaram o barrac\u00e3o da Unidos de Vila Isabel para acompanhar de perto os preparativos do desfile que levar\u00e1 a obra e a trajet\u00f3ria do artista como enredo no Carnaval. A presen\u00e7a da fam\u00edlia aproximando ainda mais a escola da hist\u00f3ria que ser\u00e1 contada na Avenida.<\/p>\n\n\n\n<p>Para o carnavalesco Gabriel Haddad, o encontro refor\u00e7a o compromisso com a mem\u00f3ria e a verdade do enredo. \u201cTer a fam\u00edlia do Heitor dos Prazeres aqui \u00e9 fundamental. \u00c9 quando a pesquisa deixa o papel e ganha corpo. Ver as hist\u00f3rias que eles compartilharam se transformando em fantasias e alegorias nos d\u00e1 a certeza de que estamos no caminho certo. \u00c9 como se o Heitor estivesse presente no nosso dia a dia de trabalho.\u201d<\/p>\n\n\n\n<p>Emocionado, Heitor Filho, filho do artista, destacou o cuidado da escola ao transformar a vida e a obra do pai em espet\u00e1culo. \u201cO cora\u00e7\u00e3o est\u00e1 muito feliz. \u00c9 emocionante ver tudo sendo feito com tanto respeito e beleza. Essa homenagem ao meu pai \u00e9 grandiosa, e esperamos estar \u00e0 altura dela na Avenida. Tenho certeza de que ser\u00e1 um desfile marcante.\u201d<\/p>\n\n\n\n<p>Durante a visita, a fam\u00edlia tamb\u00e9m foi surpreendida com um an\u00fancio especial: Heitorzinho ser\u00e1 homenageado pela Herdeiros da Vila, escola mirim da Unidos de Vila Isabel, no Carnaval de 2026. O projeto foi apresentado pelo presidente da agremia\u00e7\u00e3o, Philipe Duarte, com o enredo<br>\u201cSonhos e tambores, tintas e prazeres da Herdeiros para o herdeiro\u201d.<\/p>\n\n\n\n<p>Visivelmente emocionado, Heitorzinho reagiu \u00e0 homenagem: \u201cFoi uma surpresa imensa, daquelas que a gente ainda est\u00e1 tentando absorver. N\u00e3o esperava por isso. Ser homenageado pelos Herdeiros da Vila \u00e9 uma emo\u00e7\u00e3o enorme e uma honra. Vamos desfilar com orgulho e fazer jus a essa hist\u00f3ria.\u201d<\/p>\n\n\n\n<p>A azul e branca entra na Avenida no dia 17 de fevereiro com o enredo \u201cMacumbemb\u00ea, Samboremb\u00e1: Sonhei que um sambista sonhou a \u00c1frica\u201d, desenvolvido pelos carnavalescos Gabriel Haddad e Leonardo Bora, com pesquisa de Vinicius Natal. O tema presta um tributo a mem\u00f3ria de Heitor dos Prazeres, um dos grandes \u00edcones da cultura popular brasileira.<\/p>\n\n\n\n<p>J\u00e1 a Herdeiros da Vila, escola mirim da Unidos de Vila Isabel, ser\u00e1 a segunda a desfilar no dia 20 de fevereiro, levando para a Avenida o enredo \u201cSonhos e tambores, tintas e prazeres da Herdeiros para o herdeiro\u201d, em uma homenagem especial a Heitorzinho, refor\u00e7ando o legado e a continuidade da hist\u00f3ria que atravessa gera\u00e7\u00f5es.&nbsp;&nbsp;<\/p>\n","protected":false},"excerpt":{"rendered":"<p>Heitorzinho se emociona ao saber que ser\u00e1 homenageado pela escola mirim Herdeiros da VilaNesta segunda-feira (5), filhos e netos do<\/p>\n","protected":false},"author":1,"featured_media":14243,"comment_status":"closed","ping_status":"open","sticky":false,"template":"","format":"standard","meta":{"colormag_page_container_layout":"default_layout","colormag_page_sidebar_layout":"default_layout","ngg_post_thumbnail":0,"footnotes":""},"categories":[33,36,37,40],"tags":[],"class_list":["post-14242","post","type-post","status-publish","format-standard","has-post-thumbnail","hentry","category-carnaval","category-destaques","category-especial","category-hot"],"_links":{"self":[{"href":"https:\/\/roteiroscariocas.com.br\/index.php\/wp-json\/wp\/v2\/posts\/14242","targetHints":{"allow":["GET"]}}],"collection":[{"href":"https:\/\/roteiroscariocas.com.br\/index.php\/wp-json\/wp\/v2\/posts"}],"about":[{"href":"https:\/\/roteiroscariocas.com.br\/index.php\/wp-json\/wp\/v2\/types\/post"}],"author":[{"embeddable":true,"href":"https:\/\/roteiroscariocas.com.br\/index.php\/wp-json\/wp\/v2\/users\/1"}],"replies":[{"embeddable":true,"href":"https:\/\/roteiroscariocas.com.br\/index.php\/wp-json\/wp\/v2\/comments?post=14242"}],"version-history":[{"count":1,"href":"https:\/\/roteiroscariocas.com.br\/index.php\/wp-json\/wp\/v2\/posts\/14242\/revisions"}],"predecessor-version":[{"id":14244,"href":"https:\/\/roteiroscariocas.com.br\/index.php\/wp-json\/wp\/v2\/posts\/14242\/revisions\/14244"}],"wp:featuredmedia":[{"embeddable":true,"href":"https:\/\/roteiroscariocas.com.br\/index.php\/wp-json\/wp\/v2\/media\/14243"}],"wp:attachment":[{"href":"https:\/\/roteiroscariocas.com.br\/index.php\/wp-json\/wp\/v2\/media?parent=14242"}],"wp:term":[{"taxonomy":"category","embeddable":true,"href":"https:\/\/roteiroscariocas.com.br\/index.php\/wp-json\/wp\/v2\/categories?post=14242"},{"taxonomy":"post_tag","embeddable":true,"href":"https:\/\/roteiroscariocas.com.br\/index.php\/wp-json\/wp\/v2\/tags?post=14242"}],"curies":[{"name":"wp","href":"https:\/\/api.w.org\/{rel}","templated":true}]}}