{"id":14245,"date":"2026-01-07T00:36:18","date_gmt":"2026-01-07T03:36:18","guid":{"rendered":"https:\/\/roteiroscariocas.com.br\/?p=14245"},"modified":"2026-01-07T00:36:18","modified_gmt":"2026-01-07T03:36:18","slug":"tati-minerato-da-o-pontape-inicial-no-carnaval-2026-no-primeiro-ensaio-de-quadra-da-grande-rio","status":"publish","type":"post","link":"https:\/\/roteiroscariocas.com.br\/index.php\/2026\/01\/07\/tati-minerato-da-o-pontape-inicial-no-carnaval-2026-no-primeiro-ensaio-de-quadra-da-grande-rio\/","title":{"rendered":"Tati Minerato d\u00e1 o pontap\u00e9 inicial no Carnaval 2026 no primeiro ensaio de quadra da Grande Rio"},"content":{"rendered":"\n<p><em>Com look poderoso e foco total, musa da Grande Rio inicia a jornada rumo ao Carnaval 2026<\/em><\/p>\n\n\n\n<p>O Carnaval 2026 come\u00e7ou oficialmente para Tati Minerato, musa da Acad\u00eamicos do Grande Rio, que marcou presen\u00e7a no primeiro ensaio de quadra do ano da escola, realizado nesta noite. Sempre pr\u00f3xima da comunidade e comprometida com cada etapa da prepara\u00e7\u00e3o, Tati fez quest\u00e3o de participar do encontro mesmo chegando diretamente de Trancoso, onde passou o r\u00e9veillon renovando as energias.<\/p>\n\n\n\n<p>Para a ocasi\u00e3o, a musa apostou em um visual impactante, com look elaborado em correntes prateadas, refor\u00e7ando o brilho, a personalidade e a presen\u00e7a marcante que j\u00e1 se tornaram sua assinatura nos ensaios da tricolor de Duque de Caxias.<\/p>\n\n\n\n<p>Entre sorrisos, abra\u00e7os e muito samba no p\u00e9, Tati comentou de forma descontra\u00edda sobre os pequenos excessos do per\u00edodo de festas, mas deixou claro que agora o foco \u00e9 total no Carnaval.<\/p>\n\n\n\n<p><em>\u201cDei uma relaxada no fim de ano, faz parte, mas agora \u00e9 foco total. Estar aqui no primeiro ensaio do ano, ao lado da comunidade, me enche de energia e s\u00f3 aumenta a expectativa para o que vem pela frente\u201d<\/em>, afirmou Tati Minerato.<\/p>\n\n\n\n<p>Determinada e presente, a musa da Grande Rio refor\u00e7a que seguir\u00e1 acompanhando de perto todos os ensaios, vivendo intensamente cada momento da caminhada rumo \u00e0 Avenida.<\/p>\n","protected":false},"excerpt":{"rendered":"<p>Com look poderoso e foco total, musa da Grande Rio inicia a jornada rumo ao Carnaval 2026 O Carnaval 2026<\/p>\n","protected":false},"author":1,"featured_media":14246,"comment_status":"closed","ping_status":"open","sticky":false,"template":"","format":"standard","meta":{"colormag_page_container_layout":"default_layout","colormag_page_sidebar_layout":"default_layout","ngg_post_thumbnail":0,"footnotes":""},"categories":[33,36,34],"tags":[],"class_list":["post-14245","post","type-post","status-publish","format-standard","has-post-thumbnail","hentry","category-carnaval","category-destaques","category-noticias"],"_links":{"self":[{"href":"https:\/\/roteiroscariocas.com.br\/index.php\/wp-json\/wp\/v2\/posts\/14245","targetHints":{"allow":["GET"]}}],"collection":[{"href":"https:\/\/roteiroscariocas.com.br\/index.php\/wp-json\/wp\/v2\/posts"}],"about":[{"href":"https:\/\/roteiroscariocas.com.br\/index.php\/wp-json\/wp\/v2\/types\/post"}],"author":[{"embeddable":true,"href":"https:\/\/roteiroscariocas.com.br\/index.php\/wp-json\/wp\/v2\/users\/1"}],"replies":[{"embeddable":true,"href":"https:\/\/roteiroscariocas.com.br\/index.php\/wp-json\/wp\/v2\/comments?post=14245"}],"version-history":[{"count":1,"href":"https:\/\/roteiroscariocas.com.br\/index.php\/wp-json\/wp\/v2\/posts\/14245\/revisions"}],"predecessor-version":[{"id":14247,"href":"https:\/\/roteiroscariocas.com.br\/index.php\/wp-json\/wp\/v2\/posts\/14245\/revisions\/14247"}],"wp:featuredmedia":[{"embeddable":true,"href":"https:\/\/roteiroscariocas.com.br\/index.php\/wp-json\/wp\/v2\/media\/14246"}],"wp:attachment":[{"href":"https:\/\/roteiroscariocas.com.br\/index.php\/wp-json\/wp\/v2\/media?parent=14245"}],"wp:term":[{"taxonomy":"category","embeddable":true,"href":"https:\/\/roteiroscariocas.com.br\/index.php\/wp-json\/wp\/v2\/categories?post=14245"},{"taxonomy":"post_tag","embeddable":true,"href":"https:\/\/roteiroscariocas.com.br\/index.php\/wp-json\/wp\/v2\/tags?post=14245"}],"curies":[{"name":"wp","href":"https:\/\/api.w.org\/{rel}","templated":true}]}}