{"id":14289,"date":"2026-01-08T08:42:31","date_gmt":"2026-01-08T11:42:31","guid":{"rendered":"https:\/\/roteiroscariocas.com.br\/?p=14289"},"modified":"2026-01-10T08:42:56","modified_gmt":"2026-01-10T11:42:56","slug":"unidos-de-padre-miguel-promove-ensaio-nesta-sexta-feira-na-guilherme-da-silveira","status":"publish","type":"post","link":"https:\/\/roteiroscariocas.com.br\/index.php\/2026\/01\/08\/unidos-de-padre-miguel-promove-ensaio-nesta-sexta-feira-na-guilherme-da-silveira\/","title":{"rendered":"Unidos de Padre Miguel promove ensaio\u00a0 nesta sexta-feira, na Guilherme da Silveira"},"content":{"rendered":"\n<p>A Unidos de Padre Miguel realiza nesta sexta-feira (9), mais um importante passo em sua prepara\u00e7\u00e3o para o Carnaval 2026. A escola promove seu tradicional ensaio de rua na Pra\u00e7a Guilherme da Silveira, em Padre Miguel, com concentra\u00e7\u00e3o a partir das 20h.<\/p>\n\n\n\n<p>A dire\u00e7\u00e3o do Boi Vermelho convoca toda a comunidade e os segmentos da agremia\u00e7\u00e3o para mais um treino fundamental de harmonia e evolu\u00e7\u00e3o, refor\u00e7ando o entrosamento entre alas, comiss\u00e3o de frente, bateria, casal de mestre-sala e porta-bandeira e carro de som.<\/p>\n\n\n\n<p>Para C\u00edcero Costa, diretor de Carnaval da Unidos de Padre Miguel, o ensaio \u00e9 um momento decisivo no processo de constru\u00e7\u00e3o do desfile.<br>\u201c\u00c9 na rua que a escola se encontra de verdade. Cada ensaio fortalece nosso conjunto e aproxima ainda mais a comunidade do projeto que estamos levando para a Avenida\u201d, destacou.<\/p>\n\n\n\n<p>Em 2026, a Unidos de Padre Miguel levar\u00e1 para a Sapuca\u00ed o enredo \u201cKunh\u00e3 et\u00e9 \u2013 O sopro sagrado da Jurema\u201d, assinado pelo carnavalesco Lucas Milato. A proposta exalta a trajet\u00f3ria de Clara Camar\u00e3o, guerreira Potiguara que se tornou s\u00edmbolo de coragem, lideran\u00e7a e resist\u00eancia feminina durante o per\u00edodo colonial.<\/p>\n\n\n\n<p>A escola ser\u00e1 a quinta a desfilar na sexta-feira de Carnaval, e segue intensificando sua prepara\u00e7\u00e3o para apresentar um espet\u00e1culo marcado pela for\u00e7a cultural, identidade ind\u00edgena e protagonismo feminino.<\/p>\n","protected":false},"excerpt":{"rendered":"<p>A Unidos de Padre Miguel realiza nesta sexta-feira (9), mais um importante passo em sua prepara\u00e7\u00e3o para o Carnaval 2026.<\/p>\n","protected":false},"author":1,"featured_media":14290,"comment_status":"closed","ping_status":"open","sticky":false,"template":"","format":"standard","meta":{"colormag_page_container_layout":"default_layout","colormag_page_sidebar_layout":"default_layout","ngg_post_thumbnail":0,"footnotes":""},"categories":[33,40,38],"tags":[],"class_list":["post-14289","post","type-post","status-publish","format-standard","has-post-thumbnail","hentry","category-carnaval","category-hot","category-ouro"],"_links":{"self":[{"href":"https:\/\/roteiroscariocas.com.br\/index.php\/wp-json\/wp\/v2\/posts\/14289","targetHints":{"allow":["GET"]}}],"collection":[{"href":"https:\/\/roteiroscariocas.com.br\/index.php\/wp-json\/wp\/v2\/posts"}],"about":[{"href":"https:\/\/roteiroscariocas.com.br\/index.php\/wp-json\/wp\/v2\/types\/post"}],"author":[{"embeddable":true,"href":"https:\/\/roteiroscariocas.com.br\/index.php\/wp-json\/wp\/v2\/users\/1"}],"replies":[{"embeddable":true,"href":"https:\/\/roteiroscariocas.com.br\/index.php\/wp-json\/wp\/v2\/comments?post=14289"}],"version-history":[{"count":1,"href":"https:\/\/roteiroscariocas.com.br\/index.php\/wp-json\/wp\/v2\/posts\/14289\/revisions"}],"predecessor-version":[{"id":14291,"href":"https:\/\/roteiroscariocas.com.br\/index.php\/wp-json\/wp\/v2\/posts\/14289\/revisions\/14291"}],"wp:featuredmedia":[{"embeddable":true,"href":"https:\/\/roteiroscariocas.com.br\/index.php\/wp-json\/wp\/v2\/media\/14290"}],"wp:attachment":[{"href":"https:\/\/roteiroscariocas.com.br\/index.php\/wp-json\/wp\/v2\/media?parent=14289"}],"wp:term":[{"taxonomy":"category","embeddable":true,"href":"https:\/\/roteiroscariocas.com.br\/index.php\/wp-json\/wp\/v2\/categories?post=14289"},{"taxonomy":"post_tag","embeddable":true,"href":"https:\/\/roteiroscariocas.com.br\/index.php\/wp-json\/wp\/v2\/tags?post=14289"}],"curies":[{"name":"wp","href":"https:\/\/api.w.org\/{rel}","templated":true}]}}