{"id":14292,"date":"2026-01-08T08:47:57","date_gmt":"2026-01-08T11:47:57","guid":{"rendered":"https:\/\/roteiroscariocas.com.br\/?p=14292"},"modified":"2026-01-10T08:50:52","modified_gmt":"2026-01-10T11:50:52","slug":"elaine-caetano-brilha-no-primeiro-ensaio-de-rua-do-ano-da-renascer-de-jacarepagua","status":"publish","type":"post","link":"https:\/\/roteiroscariocas.com.br\/index.php\/2026\/01\/08\/elaine-caetano-brilha-no-primeiro-ensaio-de-rua-do-ano-da-renascer-de-jacarepagua\/","title":{"rendered":"Elaine Caetano brilha no primeiro ensaio de rua do ano da Renascer de Jacarepagu\u00e1"},"content":{"rendered":"\n<p>A Renascer de Jacarepagu\u00e1 voltou a encher as ruas do bairro do Tanque, na zona oeste do Rio de Janeiro, com o retorno dos seus ensaios e o grande destaque foi a rainha de bateria, Elaine Caetano, que comemora 5 anos a frente dos ritmistas comandados pelo mestre de bateria Felipe D\u00b4Lelis.<\/p>\n\n\n\n<p>Elaine Caetano, dona de um dos sorrisos mais marcantes do carnaval, vibrou com a bateria incentivando o canto da comunidade e sendo aplaudida a cada samba no p\u00e9. &nbsp;<\/p>\n\n\n\n<p>No pr\u00f3ximo carnaval, a Renascer de Jacarepagu\u00e1 apresentar\u00e1 o enredo &#8220;A Divina Com\u00e9dia Brasileira&#8221;, desenvolvido pelo carnavalesco Rodrigo Pacheco, e ser\u00e1 a quarta escola a desfilar, no dia 15 de fevereiro, pela S\u00e9rie Prata do Rio de Janeiro.&nbsp;<\/p>\n","protected":false},"excerpt":{"rendered":"<p>A Renascer de Jacarepagu\u00e1 voltou a encher as ruas do bairro do Tanque, na zona oeste do Rio de Janeiro,<\/p>\n","protected":false},"author":1,"featured_media":14293,"comment_status":"closed","ping_status":"open","sticky":false,"template":"","format":"standard","meta":{"colormag_page_container_layout":"default_layout","colormag_page_sidebar_layout":"default_layout","ngg_post_thumbnail":0,"footnotes":""},"categories":[38,34],"tags":[],"class_list":["post-14292","post","type-post","status-publish","format-standard","has-post-thumbnail","hentry","category-ouro","category-noticias"],"_links":{"self":[{"href":"https:\/\/roteiroscariocas.com.br\/index.php\/wp-json\/wp\/v2\/posts\/14292","targetHints":{"allow":["GET"]}}],"collection":[{"href":"https:\/\/roteiroscariocas.com.br\/index.php\/wp-json\/wp\/v2\/posts"}],"about":[{"href":"https:\/\/roteiroscariocas.com.br\/index.php\/wp-json\/wp\/v2\/types\/post"}],"author":[{"embeddable":true,"href":"https:\/\/roteiroscariocas.com.br\/index.php\/wp-json\/wp\/v2\/users\/1"}],"replies":[{"embeddable":true,"href":"https:\/\/roteiroscariocas.com.br\/index.php\/wp-json\/wp\/v2\/comments?post=14292"}],"version-history":[{"count":1,"href":"https:\/\/roteiroscariocas.com.br\/index.php\/wp-json\/wp\/v2\/posts\/14292\/revisions"}],"predecessor-version":[{"id":14294,"href":"https:\/\/roteiroscariocas.com.br\/index.php\/wp-json\/wp\/v2\/posts\/14292\/revisions\/14294"}],"wp:featuredmedia":[{"embeddable":true,"href":"https:\/\/roteiroscariocas.com.br\/index.php\/wp-json\/wp\/v2\/media\/14293"}],"wp:attachment":[{"href":"https:\/\/roteiroscariocas.com.br\/index.php\/wp-json\/wp\/v2\/media?parent=14292"}],"wp:term":[{"taxonomy":"category","embeddable":true,"href":"https:\/\/roteiroscariocas.com.br\/index.php\/wp-json\/wp\/v2\/categories?post=14292"},{"taxonomy":"post_tag","embeddable":true,"href":"https:\/\/roteiroscariocas.com.br\/index.php\/wp-json\/wp\/v2\/tags?post=14292"}],"curies":[{"name":"wp","href":"https:\/\/api.w.org\/{rel}","templated":true}]}}