{"id":14308,"date":"2026-01-12T14:46:05","date_gmt":"2026-01-12T17:46:05","guid":{"rendered":"https:\/\/roteiroscariocas.com.br\/?p=14308"},"modified":"2026-01-12T14:46:06","modified_gmt":"2026-01-12T17:46:06","slug":"a-rua-como-templo-verde-e-rosa","status":"publish","type":"post","link":"https:\/\/roteiroscariocas.com.br\/index.php\/2026\/01\/12\/a-rua-como-templo-verde-e-rosa\/","title":{"rendered":"A Rua Como Templo Verde e Rosa"},"content":{"rendered":"\n<p>Quando o canto encontra o corpo, a Mangueira acende a noite e faz do ensaio uma celebra\u00e7\u00e3o viva<\/p>\n\n\n\n<p>H\u00e1 ensaios que parecem treino. E h\u00e1 ensaios que parecem destino. A Mangueira, na rua, vive um desses momentos em que a prepara\u00e7\u00e3o ganha cara de acontecimento: o samba n\u00e3o fica apenas no ouvido, ele toma a pele. O que se v\u00ea \u00e9 uma escola movida por uma condu\u00e7\u00e3o musical de alto n\u00edvel, capaz de transformar t\u00e9cnica em encanto e transformar avenida em linguagem. A bateria estabelece o ch\u00e3o, o carro de som d\u00e1 dire\u00e7\u00e3o, os apoios bordam o canto, as cordas aprofundam a obra. E, de repente, a comunidade responde com espontaneidade, como se o samba tivesse sido escrito para ser vivido ali, naquele asfalto, naquela noite.<\/p>\n\n\n\n<p>A abertura chega com uma comiss\u00e3o de frente que n\u00e3o desperdi\u00e7a tempo nem espa\u00e7o. O movimento \u00e9 cont\u00ednuo, constru\u00eddo para dialogar com a pista inteira, atento aos olhares de cada lado. As forma\u00e7\u00f5es se alternam com fluidez, criando equil\u00edbrio e surpresa. Em um trecho de for\u00e7a simb\u00f3lica, a cena se concentra e gira como roda de ritual: o centro se torna refer\u00eancia, o entorno acompanha, e o conjunto produz uma imagem que n\u00e3o precisa ser explicada \u2014 ela \u00e9 sentida. \u00c9 a s\u00edntese do que uma comiss\u00e3o forte pode fazer: abrir o desfile com energia, beleza e sentido.<\/p>\n\n\n\n<p>O primeiro casal entra e o entorno se transforma. N\u00e3o \u00e9 apenas uma simula\u00e7\u00e3o, \u00e9 uma convoca\u00e7\u00e3o afetiva. A comunidade reconhece, incentiva, vibra. O mestre-sala dan\u00e7a com uma naturalidade que d\u00e1 a impress\u00e3o de que ele conversa com o samba, n\u00e3o que ele o obedece; a porta-bandeira imprime precis\u00e3o e pot\u00eancia, com giros r\u00e1pidos, definidos, cheios de presen\u00e7a. A bandeirada final aparece como um gesto solene, uma assinatura clara do pavilh\u00e3o. A excel\u00eancia aqui n\u00e3o \u00e9 fria: ela arranca rea\u00e7\u00e3o, cria identifica\u00e7\u00e3o, vira orgulho compartilhado.<\/p>\n\n\n\n<p>E ent\u00e3o a noite se entrega ao seu ponto mais alto: a m\u00fasica como motor de tudo. A bateria tem uma pegada que envolve, convida ao balan\u00e7o e faz o componente encontrar o pr\u00f3prio corpo dentro do ritmo. H\u00e1 momentos em que a escola canta com o corpo inteiro, desenhando a letra no gesto, deixando nascer pequenas coreografias que surgem como reflexo, n\u00e3o como obriga\u00e7\u00e3o. O int\u00e9rprete conduz com firmeza e clareza, e os apoios criam efeitos e texturas que d\u00e3o profundidade \u00e0 obra, mantendo o samba vivo mesmo quando o canto, em alguns trechos, ainda busca aquela plenitude coletiva que transforma tudo em avalanche.<\/p>\n\n\n\n<p>Os \u201cparad\u00f5es\u201d funcionam como term\u00f4metro: o canto cresce, responde, evolui, mas deixa evidente que ainda existe margem para subir um degrau \u2014 e esse degrau n\u00e3o \u00e9 de t\u00e9cnica, \u00e9 de incorpora\u00e7\u00e3o. O pr\u00f3prio esp\u00edrito do samba pede isso: que a comunidade se torne ainda mais \u201cna\u00e7\u00e3o\u201d dentro da letra, dentro da cad\u00eancia, dentro da interpreta\u00e7\u00e3o. A boa not\u00edcia \u00e9 que a base j\u00e1 est\u00e1 colocada com autoridade. A ala musical cria as condi\u00e7\u00f5es, sustenta o andamento, provoca a emo\u00e7\u00e3o e abre caminho para que a escola inteira se espalhe como uma s\u00f3 voz.<\/p>\n\n\n\n<p>Na evolu\u00e7\u00e3o, o percurso revela intelig\u00eancia de tempo: h\u00e1 um primeiro momento mais acelerado, org\u00e2nico, de ocupa\u00e7\u00e3o natural da pista; depois, um andamento mais cadenciado, sem perder regularidade. A Mangueira n\u00e3o corre, n\u00e3o trava, n\u00e3o se perde. Ela avan\u00e7a com consci\u00eancia. E quando a escola consegue fazer isso \u2014 avan\u00e7ar com alma, mantendo unidade mesmo com mudan\u00e7a de ritmo \u2014 o ensaio deixa de ser apenas prepara\u00e7\u00e3o. Vira declara\u00e7\u00e3o. De que h\u00e1 caminho. De que h\u00e1 identidade. E de que, quando o tambor dita o pulso, a magia acontece.<\/p>\n","protected":false},"excerpt":{"rendered":"<p>Quando o canto encontra o corpo, a Mangueira acende a noite e faz do ensaio uma celebra\u00e7\u00e3o viva H\u00e1 ensaios<\/p>\n","protected":false},"author":1,"featured_media":14309,"comment_status":"closed","ping_status":"open","sticky":false,"template":"","format":"standard","meta":{"colormag_page_container_layout":"default_layout","colormag_page_sidebar_layout":"default_layout","ngg_post_thumbnail":0,"footnotes":""},"categories":[33,36,37,40],"tags":[],"class_list":["post-14308","post","type-post","status-publish","format-standard","has-post-thumbnail","hentry","category-carnaval","category-destaques","category-especial","category-hot"],"_links":{"self":[{"href":"https:\/\/roteiroscariocas.com.br\/index.php\/wp-json\/wp\/v2\/posts\/14308","targetHints":{"allow":["GET"]}}],"collection":[{"href":"https:\/\/roteiroscariocas.com.br\/index.php\/wp-json\/wp\/v2\/posts"}],"about":[{"href":"https:\/\/roteiroscariocas.com.br\/index.php\/wp-json\/wp\/v2\/types\/post"}],"author":[{"embeddable":true,"href":"https:\/\/roteiroscariocas.com.br\/index.php\/wp-json\/wp\/v2\/users\/1"}],"replies":[{"embeddable":true,"href":"https:\/\/roteiroscariocas.com.br\/index.php\/wp-json\/wp\/v2\/comments?post=14308"}],"version-history":[{"count":1,"href":"https:\/\/roteiroscariocas.com.br\/index.php\/wp-json\/wp\/v2\/posts\/14308\/revisions"}],"predecessor-version":[{"id":14310,"href":"https:\/\/roteiroscariocas.com.br\/index.php\/wp-json\/wp\/v2\/posts\/14308\/revisions\/14310"}],"wp:featuredmedia":[{"embeddable":true,"href":"https:\/\/roteiroscariocas.com.br\/index.php\/wp-json\/wp\/v2\/media\/14309"}],"wp:attachment":[{"href":"https:\/\/roteiroscariocas.com.br\/index.php\/wp-json\/wp\/v2\/media?parent=14308"}],"wp:term":[{"taxonomy":"category","embeddable":true,"href":"https:\/\/roteiroscariocas.com.br\/index.php\/wp-json\/wp\/v2\/categories?post=14308"},{"taxonomy":"post_tag","embeddable":true,"href":"https:\/\/roteiroscariocas.com.br\/index.php\/wp-json\/wp\/v2\/tags?post=14308"}],"curies":[{"name":"wp","href":"https:\/\/api.w.org\/{rel}","templated":true}]}}