{"id":14314,"date":"2026-01-11T14:58:13","date_gmt":"2026-01-11T17:58:13","guid":{"rendered":"https:\/\/roteiroscariocas.com.br\/?p=14314"},"modified":"2026-01-12T15:03:56","modified_gmt":"2026-01-12T18:03:56","slug":"o-samba-atravessa-fronteiras","status":"publish","type":"post","link":"https:\/\/roteiroscariocas.com.br\/index.php\/2026\/01\/11\/o-samba-atravessa-fronteiras\/","title":{"rendered":"O Samba Atravessa Fronteiras"},"content":{"rendered":"\n<p><strong>Em Nil\u00f3polis, a Vila Isabel prova que sua for\u00e7a \u00e9 a comunidade cantando, mesmo fora do seu pr\u00f3prio quintal<\/strong><\/p>\n\n\n\n<p>H\u00e1 um tipo de ensaio que n\u00e3o se mede pela quantidade de alas completas, nem pelo conforto do territ\u00f3rio, nem pela facilidade do p\u00fablico. Mede-se pela capacidade de uma escola se manter inteira quando o ambiente muda. E a Vila Isabel, na Avenida Mirandela, viveu exatamente isso: uma travessia. Ao lado da anfitri\u00e3, ela chegou com o peso de um encontro que carrega hist\u00f3ria e, ao mesmo tempo, com a leveza de quem confia no pr\u00f3prio samba. O resultado foi uma escola que, mesmo em formato reduzido, conseguiu impressionar pelo vigor do canto e pela energia da comunidade, transformando a rua em celebra\u00e7\u00e3o de ra\u00edzes.<\/p>\n\n\n\n<p>O enredo que olha para Heitor dos Prazeres e para a Pequena \u00c1frica n\u00e3o aparece como discurso distante. Ele se manifesta como corpo em movimento. A comiss\u00e3o de frente abre o caminho com um desenho que conversa com roda, palma, circularidade, e com refer\u00eancias que aproximam dan\u00e7a, capoeira e a for\u00e7a dos cultos de matriz afro. Sem fantasia para proteger a cena, a coreografia fica ainda mais transparente: o que se v\u00ea \u00e9 a ideia pura, sustentada por sincronia e presen\u00e7a, como um chamado que encontra resposta no canto que vem atr\u00e1s.<\/p>\n\n\n\n<p>No primeiro casal, a sensa\u00e7\u00e3o \u00e9 de maturidade refinada. Existe eleg\u00e2ncia, existe cuidado com o pavilh\u00e3o, mas existe principalmente expressividade. Os passos n\u00e3o s\u00e3o apenas corretos: s\u00e3o falados. E quando o casal se comunica pelo olhar, antecipando cada deslocamento, a dan\u00e7a ganha fluidez de conversa, n\u00e3o de obriga\u00e7\u00e3o. A apresenta\u00e7\u00e3o se torna um ponto de estabilidade emocional dentro do cortejo, como se ali a escola respirasse com mais calma, reafirmando quem \u00e9.<\/p>\n\n\n\n<p>A harmonia trouxe uma li\u00e7\u00e3o importante: a Vila cantou mesmo quando o cen\u00e1rio n\u00e3o era o mais favor\u00e1vel. Com alas misturadas para compensar aus\u00eancias, a escola encontrou um jeito de seguir sem perder pot\u00eancia vocal, e isso revela algo decisivo para um samba crescer: quando a comunidade est\u00e1 segura da obra, ela sustenta o canto mesmo fora do desenho perfeito. A condu\u00e7\u00e3o ajuda, claro, mas o que vibra \u00e9 a naturalidade de quem canta porque quer, n\u00e3o porque foi empurrado.<\/p>\n\n\n\n<p>A evolu\u00e7\u00e3o se manteve bem organizada sob orienta\u00e7\u00e3o, com destaque para alas coreografadas no primeiro setor, de passos acess\u00edveis, pensados para unir mais gente no mesmo movimento. E h\u00e1 um detalhe que diz muito sobre adapta\u00e7\u00e3o: o ritmo do cortejo. O come\u00e7o mais acelerado e o final mais cadenciado parecem um ajuste de leitura ao tamanho da avenida, maior do que o espa\u00e7o habitual de ensaio. A escola precisou administrar tempo e dist\u00e2ncia, e isso, na pr\u00e1tica, \u00e9 treino de desfile: entender a pista, sentir o fluxo, calibrar o passo sem perder o samba.<\/p>\n\n\n\n<p>O canto, no entanto, foi o grande protagonista. A comunidade mostrou dom\u00ednio total da letra, cantando de ponta a ponta, enquanto o p\u00fablico, mais distante da obra, aderiu com for\u00e7a ao refr\u00e3o. Nas paradinhas, a Vila precisou ser ainda mais dona do pr\u00f3prio som, conduzindo a energia com voz e presen\u00e7a para que a rua n\u00e3o engolisse a escola. E ela conseguiu. O carro de som e a bateria funcionaram como coluna vertebral dessa condu\u00e7\u00e3o, mantendo o samba compreens\u00edvel, pulsante e ensin\u00e1vel, sem deixar a vibra\u00e7\u00e3o cair.<\/p>\n\n\n\n<p>No fechamento, a festa apareceu com rosto pr\u00f3prio: musas em destaque, intera\u00e7\u00e3o respeitosa com a comunidade local, e uma bateria que testou paradinhas e pequenas coreografias de ritmistas, criando espet\u00e1culo sem perder firmeza. A Vila Isabel saiu da Mirandela deixando uma mensagem clara: quando a escola tem comunidade, tem canto e tem prop\u00f3sito, ela pode transformar qualquer avenida em Pequena \u00c1frica por algumas horas. E isso n\u00e3o \u00e9 s\u00f3 bonito. \u00c9 poderoso.<\/p>\n","protected":false},"excerpt":{"rendered":"<p>Em Nil\u00f3polis, a Vila Isabel prova que sua for\u00e7a \u00e9 a comunidade cantando, mesmo fora do seu pr\u00f3prio quintal H\u00e1<\/p>\n","protected":false},"author":1,"featured_media":14315,"comment_status":"closed","ping_status":"open","sticky":false,"template":"","format":"standard","meta":{"colormag_page_container_layout":"default_layout","colormag_page_sidebar_layout":"default_layout","ngg_post_thumbnail":0,"footnotes":""},"categories":[33,36,37,40],"tags":[],"class_list":["post-14314","post","type-post","status-publish","format-standard","has-post-thumbnail","hentry","category-carnaval","category-destaques","category-especial","category-hot"],"_links":{"self":[{"href":"https:\/\/roteiroscariocas.com.br\/index.php\/wp-json\/wp\/v2\/posts\/14314","targetHints":{"allow":["GET"]}}],"collection":[{"href":"https:\/\/roteiroscariocas.com.br\/index.php\/wp-json\/wp\/v2\/posts"}],"about":[{"href":"https:\/\/roteiroscariocas.com.br\/index.php\/wp-json\/wp\/v2\/types\/post"}],"author":[{"embeddable":true,"href":"https:\/\/roteiroscariocas.com.br\/index.php\/wp-json\/wp\/v2\/users\/1"}],"replies":[{"embeddable":true,"href":"https:\/\/roteiroscariocas.com.br\/index.php\/wp-json\/wp\/v2\/comments?post=14314"}],"version-history":[{"count":1,"href":"https:\/\/roteiroscariocas.com.br\/index.php\/wp-json\/wp\/v2\/posts\/14314\/revisions"}],"predecessor-version":[{"id":14316,"href":"https:\/\/roteiroscariocas.com.br\/index.php\/wp-json\/wp\/v2\/posts\/14314\/revisions\/14316"}],"wp:featuredmedia":[{"embeddable":true,"href":"https:\/\/roteiroscariocas.com.br\/index.php\/wp-json\/wp\/v2\/media\/14315"}],"wp:attachment":[{"href":"https:\/\/roteiroscariocas.com.br\/index.php\/wp-json\/wp\/v2\/media?parent=14314"}],"wp:term":[{"taxonomy":"category","embeddable":true,"href":"https:\/\/roteiroscariocas.com.br\/index.php\/wp-json\/wp\/v2\/categories?post=14314"},{"taxonomy":"post_tag","embeddable":true,"href":"https:\/\/roteiroscariocas.com.br\/index.php\/wp-json\/wp\/v2\/tags?post=14314"}],"curies":[{"name":"wp","href":"https:\/\/api.w.org\/{rel}","templated":true}]}}