{"id":14319,"date":"2026-01-09T15:05:36","date_gmt":"2026-01-09T18:05:36","guid":{"rendered":"https:\/\/roteiroscariocas.com.br\/?p=14319"},"modified":"2026-01-12T15:17:57","modified_gmt":"2026-01-12T18:17:57","slug":"cada-mulher-tem-sua-carolina","status":"publish","type":"post","link":"https:\/\/roteiroscariocas.com.br\/index.php\/2026\/01\/09\/cada-mulher-tem-sua-carolina\/","title":{"rendered":"Cada Mulher Tem Sua Carolina"},"content":{"rendered":"\n<p><strong>Quando a homenagem vira pulsa\u00e7\u00e3o coletiva, a rua se transforma em testemunha de hist\u00f3rias que resistem<\/strong><\/p>\n\n\n\n<p>O encerramento do minidesfile da Unidos da Tijuca ganhou peso de acontecimento quando a ala c\u00eanica \u201cCanind\u00e9\u201d come\u00e7ou a caminhar. Ali, n\u00e3o havia apenas corpo e movimento: havia hist\u00f3ria carregada de significado. A escolha de centrar a encena\u00e7\u00e3o em Carolina Maria de Jesus foi mais do que tem\u00e1tica de enredo; foi a abertura de um espa\u00e7o para que mulheres de diferentes idades, trajet\u00f3rias e viv\u00eancias pudessem se reconhecer e se afirmar. Cada gesto, cada olhar e cada passo tornaram-se declara\u00e7\u00e3o de identidade, um modo de dizer que a trajet\u00f3ria de Carolina ressoa dentro de muitas vidas espalhadas pelo Brasil.<\/p>\n\n\n\n<p>O processo de constru\u00e7\u00e3o da ala revelou que a emo\u00e7\u00e3o estava na raiz de tudo. Para a equipe art\u00edstica, a sensa\u00e7\u00e3o foi de intensidade dif\u00edcil de traduzir em palavras porque emergia de um lugar profundo: a conex\u00e3o entre a obra e a experi\u00eancia individual de cada componente. A encena\u00e7\u00e3o n\u00e3o se limitou a trazer Carolina \u201cl\u00e1 em cima\u201d; foi uma tentativa de trazer seu esp\u00edrito para dentro do coletivo, de traduzir dor e dignidade em express\u00e3o corporal e narrativa visual que dialoga com quem assiste e com quem desfila.<\/p>\n\n\n\n<p>Mulheres de diferentes caminhos \u2014 da dan\u00e7a ao teatro, da produ\u00e7\u00e3o de eventos \u00e0 vida cotidiana \u2014 encontraram na homenagem um espelho. Cada uma delas carregou uma vers\u00e3o de Carolina em si, uma hist\u00f3ria que se cruza com a de uma mulher que escreveu sobre fome, desigualdade e sobreviv\u00eancia em uma realidade dura e desafiadora. Essa multiplicidade de Carolinas transformou a ala em manifesta\u00e7\u00e3o viva de representa\u00e7\u00e3o e reconhecimento, como se a rua fosse extens\u00e3o de um palco onde hist\u00f3rias mulheres ecoam sem pedir licen\u00e7a.<\/p>\n\n\n\n<p>Quando a \u201cCanind\u00e9\u201d concluiu sua passagem, restou a impress\u00e3o de que algo maior havia acontecido: n\u00e3o apenas uma homenagem \u00e0 escritora, mas um gesto coletivo carregado de emo\u00e7\u00e3o, mem\u00f3ria e protesto. Foi como se a rua tivesse se tornado testemunha de uma encena\u00e7\u00e3o que pulsa vida, luta e presen\u00e7a de mulheres que, em seus modos pr\u00f3prios, carregam a figura de Carolina como s\u00edmbolo de resist\u00eancia e afirma\u00e7\u00e3o.<\/p>\n","protected":false},"excerpt":{"rendered":"<p>Quando a homenagem vira pulsa\u00e7\u00e3o coletiva, a rua se transforma em testemunha de hist\u00f3rias que resistem O encerramento do minidesfile<\/p>\n","protected":false},"author":1,"featured_media":14320,"comment_status":"closed","ping_status":"open","sticky":false,"template":"","format":"standard","meta":{"colormag_page_container_layout":"default_layout","colormag_page_sidebar_layout":"default_layout","ngg_post_thumbnail":0,"footnotes":""},"categories":[33,36,37,40],"tags":[],"class_list":["post-14319","post","type-post","status-publish","format-standard","has-post-thumbnail","hentry","category-carnaval","category-destaques","category-especial","category-hot"],"_links":{"self":[{"href":"https:\/\/roteiroscariocas.com.br\/index.php\/wp-json\/wp\/v2\/posts\/14319","targetHints":{"allow":["GET"]}}],"collection":[{"href":"https:\/\/roteiroscariocas.com.br\/index.php\/wp-json\/wp\/v2\/posts"}],"about":[{"href":"https:\/\/roteiroscariocas.com.br\/index.php\/wp-json\/wp\/v2\/types\/post"}],"author":[{"embeddable":true,"href":"https:\/\/roteiroscariocas.com.br\/index.php\/wp-json\/wp\/v2\/users\/1"}],"replies":[{"embeddable":true,"href":"https:\/\/roteiroscariocas.com.br\/index.php\/wp-json\/wp\/v2\/comments?post=14319"}],"version-history":[{"count":1,"href":"https:\/\/roteiroscariocas.com.br\/index.php\/wp-json\/wp\/v2\/posts\/14319\/revisions"}],"predecessor-version":[{"id":14321,"href":"https:\/\/roteiroscariocas.com.br\/index.php\/wp-json\/wp\/v2\/posts\/14319\/revisions\/14321"}],"wp:featuredmedia":[{"embeddable":true,"href":"https:\/\/roteiroscariocas.com.br\/index.php\/wp-json\/wp\/v2\/media\/14320"}],"wp:attachment":[{"href":"https:\/\/roteiroscariocas.com.br\/index.php\/wp-json\/wp\/v2\/media?parent=14319"}],"wp:term":[{"taxonomy":"category","embeddable":true,"href":"https:\/\/roteiroscariocas.com.br\/index.php\/wp-json\/wp\/v2\/categories?post=14319"},{"taxonomy":"post_tag","embeddable":true,"href":"https:\/\/roteiroscariocas.com.br\/index.php\/wp-json\/wp\/v2\/tags?post=14319"}],"curies":[{"name":"wp","href":"https:\/\/api.w.org\/{rel}","templated":true}]}}