{"id":14328,"date":"2026-01-09T17:01:28","date_gmt":"2026-01-09T20:01:28","guid":{"rendered":"https:\/\/roteiroscariocas.com.br\/?p=14328"},"modified":"2026-01-12T17:06:34","modified_gmt":"2026-01-12T20:06:34","slug":"musa-anny-alves-marca-presenca-no-ensaio-de-quadra-da-porto-da-pedra","status":"publish","type":"post","link":"https:\/\/roteiroscariocas.com.br\/index.php\/2026\/01\/09\/musa-anny-alves-marca-presenca-no-ensaio-de-quadra-da-porto-da-pedra\/","title":{"rendered":"Musa Anny Alves marca presen\u00e7a no\u00a0 ensaio de quadra da Porto da Pedra"},"content":{"rendered":"\n<p>A musa da Unidos do Porto da Pedra, Anny Alves, esteve presente no primeiro ensaio de quadra da escola, realizado&nbsp;em S\u00e3o Gon\u00e7alo,&nbsp;&nbsp;nesta&nbsp;quinta-feira (8)&nbsp;e foi um dos grandes destaques da noite. Radicada na Cro\u00e1cia e com uma trajet\u00f3ria internacional ligada ao esporte e \u00e0 cultura brasileira, Anny fez quest\u00e3o de participar do in\u00edcio oficial da prepara\u00e7\u00e3o da agremia\u00e7\u00e3o para o Carnaval 2026.<\/p>\n\n\n\n<p>Logo ao chegar, a musa chamou a aten\u00e7\u00e3o pelo figurino marcante: um&nbsp;macaquinho vermelho com franjas, que valorizou ainda mais a silhueta da beldade e trouxe eleg\u00e2ncia, atitude e identidade \u00e0 noite de ensaio. O look rendeu elogios e n\u00e3o passou despercebido pelos componentes e pelo p\u00fablico presente.<\/p>\n\n\n\n<p>Mas foi fora do centro da quadra que Anny mostrou o que realmente faz a diferen\u00e7a. Com simpatia e carinho, ela&nbsp;<strong>interagiu com a comunidade<\/strong>, conversou com integrantes da escola, posou para fotos e fez quest\u00e3o de viver cada instante ao lado de quem constr\u00f3i o Carnaval todos os dias. Uma presen\u00e7a que vai al\u00e9m da imagem: \u00e9 afeto, respeito e conex\u00e3o verdadeira com a fam\u00edlia Porto da Pedra.<\/p>\n","protected":false},"excerpt":{"rendered":"<p>A musa da Unidos do Porto da Pedra, Anny Alves, esteve presente no primeiro ensaio de quadra da escola, realizado&nbsp;em<\/p>\n","protected":false},"author":1,"featured_media":14329,"comment_status":"closed","ping_status":"open","sticky":false,"template":"","format":"standard","meta":{"colormag_page_container_layout":"default_layout","colormag_page_sidebar_layout":"default_layout","ngg_post_thumbnail":0,"footnotes":""},"categories":[33,38,34],"tags":[],"class_list":["post-14328","post","type-post","status-publish","format-standard","has-post-thumbnail","hentry","category-carnaval","category-ouro","category-noticias"],"_links":{"self":[{"href":"https:\/\/roteiroscariocas.com.br\/index.php\/wp-json\/wp\/v2\/posts\/14328","targetHints":{"allow":["GET"]}}],"collection":[{"href":"https:\/\/roteiroscariocas.com.br\/index.php\/wp-json\/wp\/v2\/posts"}],"about":[{"href":"https:\/\/roteiroscariocas.com.br\/index.php\/wp-json\/wp\/v2\/types\/post"}],"author":[{"embeddable":true,"href":"https:\/\/roteiroscariocas.com.br\/index.php\/wp-json\/wp\/v2\/users\/1"}],"replies":[{"embeddable":true,"href":"https:\/\/roteiroscariocas.com.br\/index.php\/wp-json\/wp\/v2\/comments?post=14328"}],"version-history":[{"count":1,"href":"https:\/\/roteiroscariocas.com.br\/index.php\/wp-json\/wp\/v2\/posts\/14328\/revisions"}],"predecessor-version":[{"id":14330,"href":"https:\/\/roteiroscariocas.com.br\/index.php\/wp-json\/wp\/v2\/posts\/14328\/revisions\/14330"}],"wp:featuredmedia":[{"embeddable":true,"href":"https:\/\/roteiroscariocas.com.br\/index.php\/wp-json\/wp\/v2\/media\/14329"}],"wp:attachment":[{"href":"https:\/\/roteiroscariocas.com.br\/index.php\/wp-json\/wp\/v2\/media?parent=14328"}],"wp:term":[{"taxonomy":"category","embeddable":true,"href":"https:\/\/roteiroscariocas.com.br\/index.php\/wp-json\/wp\/v2\/categories?post=14328"},{"taxonomy":"post_tag","embeddable":true,"href":"https:\/\/roteiroscariocas.com.br\/index.php\/wp-json\/wp\/v2\/tags?post=14328"}],"curies":[{"name":"wp","href":"https:\/\/api.w.org\/{rel}","templated":true}]}}