{"id":14711,"date":"2026-02-02T15:34:36","date_gmt":"2026-02-02T18:34:36","guid":{"rendered":"https:\/\/roteiroscariocas.com.br\/?p=14711"},"modified":"2026-02-03T17:18:52","modified_gmt":"2026-02-03T20:18:52","slug":"passos-que-sao-historia","status":"publish","type":"post","link":"https:\/\/roteiroscariocas.com.br\/index.php\/2026\/02\/02\/passos-que-sao-historia\/","title":{"rendered":"Passos Que S\u00e3o Hist\u00f3ria"},"content":{"rendered":"\n<p><strong>Uma comiss\u00e3o de frente que n\u00e3o dan\u00e7a apenas passos, mas resgata ra\u00edzes e transforma a Sapuca\u00ed em rota de ancestralidade<\/strong><\/p>\n\n\n\n<p>Quando a Portela anunciou seu enredo para o Carnaval de 2026, j\u00e1 se percebia que a escola tinha em m\u00e3os um projeto que ultrapassava a est\u00e9tica convencional: era um convite para discutir a presen\u00e7a negra nos rinc\u00f5es do Brasil e dar voz a uma ancestralidade viva. Na Marqu\u00eas de Sapuca\u00ed, essa proposta ganhou corpo na comiss\u00e3o de frente \u2014 uma performance que n\u00e3o se contentou em preencher espa\u00e7o, mas quis explicitar que o batuque \u00e9 for\u00e7a, identidade e mem\u00f3ria.<\/p>\n\n\n\n<p>O trabalho de Edifranc e Cl\u00e1udia Motta marcou uma etapa simb\u00f3lica: elevar uma tradi\u00e7\u00e3o do Sul brasileiro para o cora\u00e7\u00e3o do carnaval carioca. A articula\u00e7\u00e3o de movimentos, ritmos, olhares e gestos trouxe \u00e0 avenida uma celebra\u00e7\u00e3o do que foi constru\u00eddo por gera\u00e7\u00f5es negras, ao mesmo tempo em que apontou para um Brasil inteiro como solo fecundo dessa ancestralidade. Cada passo era como dizer: \u201cn\u00f3s estamos aqui, e nossa hist\u00f3ria tamb\u00e9m faz parte deste lugar\u201d.<\/p>\n\n\n\n<p>E assim, a apresenta\u00e7\u00e3o deixou de ser apenas sequ\u00eancia de passos ou quadro coreografado. Tornou-se manifesto. A Sapuca\u00ed virou espa\u00e7o onde religiosidade, pol\u00edtica, mem\u00f3ria e espet\u00e1culo n\u00e3o s\u00e3o fragmentados, mas coexistem como for\u00e7a \u00fanica. A tradi\u00e7\u00e3o de matriz africana, muitas vezes confinada a roteiro regional ou ao folclore, ganhou um novo sistema de express\u00e3o: dan\u00e7a, m\u00fasica e corpo que falam tanto quanto o samba.<\/p>\n\n\n\n<p>A sensa\u00e7\u00e3o, para quem viu, foi ver mais do que movimento. Foi ver uma hist\u00f3ria escondida tornada vis\u00edvel, uma ancestralidade que encontrou sua voz na avenida, e um samba que n\u00e3o apenas carregou batidas, mas trouxe consci\u00eancia. A comiss\u00e3o de frente da Portela, naquele momento, n\u00e3o aconteceu \u201cem volta do samba\u201d: aconteceu \u201cdentro do samba\u201d, como mem\u00f3ria e discurso.<\/p>\n","protected":false},"excerpt":{"rendered":"<p>Uma comiss\u00e3o de frente que n\u00e3o dan\u00e7a apenas passos, mas resgata ra\u00edzes e transforma a Sapuca\u00ed em rota de ancestralidade<\/p>\n","protected":false},"author":1,"featured_media":14712,"comment_status":"closed","ping_status":"open","sticky":false,"template":"","format":"standard","meta":{"colormag_page_container_layout":"default_layout","colormag_page_sidebar_layout":"default_layout","ngg_post_thumbnail":0,"footnotes":""},"categories":[33,36,37,40],"tags":[],"class_list":["post-14711","post","type-post","status-publish","format-standard","has-post-thumbnail","hentry","category-carnaval","category-destaques","category-especial","category-hot"],"_links":{"self":[{"href":"https:\/\/roteiroscariocas.com.br\/index.php\/wp-json\/wp\/v2\/posts\/14711","targetHints":{"allow":["GET"]}}],"collection":[{"href":"https:\/\/roteiroscariocas.com.br\/index.php\/wp-json\/wp\/v2\/posts"}],"about":[{"href":"https:\/\/roteiroscariocas.com.br\/index.php\/wp-json\/wp\/v2\/types\/post"}],"author":[{"embeddable":true,"href":"https:\/\/roteiroscariocas.com.br\/index.php\/wp-json\/wp\/v2\/users\/1"}],"replies":[{"embeddable":true,"href":"https:\/\/roteiroscariocas.com.br\/index.php\/wp-json\/wp\/v2\/comments?post=14711"}],"version-history":[{"count":1,"href":"https:\/\/roteiroscariocas.com.br\/index.php\/wp-json\/wp\/v2\/posts\/14711\/revisions"}],"predecessor-version":[{"id":14713,"href":"https:\/\/roteiroscariocas.com.br\/index.php\/wp-json\/wp\/v2\/posts\/14711\/revisions\/14713"}],"wp:featuredmedia":[{"embeddable":true,"href":"https:\/\/roteiroscariocas.com.br\/index.php\/wp-json\/wp\/v2\/media\/14712"}],"wp:attachment":[{"href":"https:\/\/roteiroscariocas.com.br\/index.php\/wp-json\/wp\/v2\/media?parent=14711"}],"wp:term":[{"taxonomy":"category","embeddable":true,"href":"https:\/\/roteiroscariocas.com.br\/index.php\/wp-json\/wp\/v2\/categories?post=14711"},{"taxonomy":"post_tag","embeddable":true,"href":"https:\/\/roteiroscariocas.com.br\/index.php\/wp-json\/wp\/v2\/tags?post=14711"}],"curies":[{"name":"wp","href":"https:\/\/api.w.org\/{rel}","templated":true}]}}