{"id":17334,"date":"2026-02-02T15:33:46","date_gmt":"2026-02-02T18:33:46","guid":{"rendered":"https:\/\/revistacarnaval.com.br\/?p=17334"},"modified":"2026-04-10T00:00:17","modified_gmt":"2026-04-10T03:00:17","slug":"quando-o-batuque-virou-palavra-e-corpo","status":"publish","type":"post","link":"https:\/\/roteiroscariocas.com.br\/index.php\/2026\/02\/02\/quando-o-batuque-virou-palavra-e-corpo\/","title":{"rendered":"Quando o Batuque Virou Palavra e Corpo"},"content":{"rendered":"\n<p><strong>Na Passarela, a Portela transformou sua comiss\u00e3o de frente em elo entre hist\u00f3ria, espiritualidade e for\u00e7a negra<\/strong><\/p>\n\n\n\n<p>Na noite em que a Portela olhou para a Sapuca\u00ed como se a avenida fosse um terreiro coletivo, a sua comiss\u00e3o de frente n\u00e3o veio apenas para desfilar. Veio para falar, bater e existir como manifesto vivo de ancestralidade. Tudo nasce do enredo escolhido para 2026 \u2014 uma narrativa que se volta para figuras e tradi\u00e7\u00f5es negras do Sul do pa\u00eds e, ao mesmo tempo, tenta ressignificar o significado do Batuque como express\u00e3o cultural que ultrapassa fronteiras regionais.<\/p>\n\n\n\n<p>Edifranc e Cl\u00e1udia Motta, core\u00f3grafos \u00e0 frente da apresenta\u00e7\u00e3o, n\u00e3o apenas coreografaram passos: eles constru\u00edram uma ponte entre passado e presente. A comiss\u00e3o de frente encarnou o batuque como s\u00edmbolo de resist\u00eancia, religiosidade e hist\u00f3ria. Quando a pele tocava o ch\u00e3o, a performance reverberava o eco de culturas de matriz africana e o reconhecimento de que a negritude brasileira \u00e9 m\u00faltipla e profunda.<\/p>\n\n\n\n<p>N\u00e3o se tratou de apenas ocupar espa\u00e7o. A apresenta\u00e7\u00e3o carregou em seus gestos a ideia de que o samba pode ser mais do que m\u00fasica: pode ser corpo e mem\u00f3ria. Era vis\u00edvel no modo como os movimentos combinavam for\u00e7a e ritualidade, com cada passo remetendo a ritmos e tradi\u00e7\u00f5es que ganharam vida pr\u00f3pria fora do eixo cultural mais centralizado. O batuque deixou de ser regional e virou batida universal de ancestralidade na avenida.<\/p>\n\n\n\n<p>E ao mesmo tempo em que o corpo dan\u00e7ava, a Portela lembrava que fazer carnaval \u00e9 tamb\u00e9m prestar homenagem: aos ancestrais, \u00e0s religi\u00f5es, \u00e0s hist\u00f3rias que muitas vezes ficaram \u00e0 margem da narrativa oficial. O p\u00fablico, diante dessa comiss\u00e3o, n\u00e3o viu apenas sequ\u00eancia de passos sincronizados. Viu gesto pol\u00edtico, viu ora\u00e7\u00e3o em movimento, viu ancestralidade colocada no centro da Sapuca\u00ed.<\/p>\n","protected":false},"excerpt":{"rendered":"<p>Na Passarela, a Portela transformou sua comiss\u00e3o de frente em elo entre hist\u00f3ria, espiritualidade e for\u00e7a negra Na noite em<\/p>\n","protected":false},"author":1,"featured_media":17335,"comment_status":"closed","ping_status":"open","sticky":false,"template":"","format":"standard","meta":{"colormag_page_container_layout":"default_layout","colormag_page_sidebar_layout":"default_layout","ngg_post_thumbnail":0,"footnotes":""},"categories":[33,36,37,40],"tags":[147,148,149,150,151,129,152,153],"class_list":["post-17334","post","type-post","status-publish","format-standard","has-post-thumbnail","hentry","category-carnaval","category-destaques","category-especial","category-hot","tag-ancestralidade","tag-batuque","tag-comissao-de-frente","tag-corpo-e-memoria","tag-enredo-2026","tag-portela","tag-resistencia-negra","tag-sapucai"],"_links":{"self":[{"href":"https:\/\/roteiroscariocas.com.br\/index.php\/wp-json\/wp\/v2\/posts\/17334","targetHints":{"allow":["GET"]}}],"collection":[{"href":"https:\/\/roteiroscariocas.com.br\/index.php\/wp-json\/wp\/v2\/posts"}],"about":[{"href":"https:\/\/roteiroscariocas.com.br\/index.php\/wp-json\/wp\/v2\/types\/post"}],"author":[{"embeddable":true,"href":"https:\/\/roteiroscariocas.com.br\/index.php\/wp-json\/wp\/v2\/users\/1"}],"replies":[{"embeddable":true,"href":"https:\/\/roteiroscariocas.com.br\/index.php\/wp-json\/wp\/v2\/comments?post=17334"}],"version-history":[{"count":1,"href":"https:\/\/roteiroscariocas.com.br\/index.php\/wp-json\/wp\/v2\/posts\/17334\/revisions"}],"predecessor-version":[{"id":18732,"href":"https:\/\/roteiroscariocas.com.br\/index.php\/wp-json\/wp\/v2\/posts\/17334\/revisions\/18732"}],"wp:featuredmedia":[{"embeddable":true,"href":"https:\/\/roteiroscariocas.com.br\/index.php\/wp-json\/wp\/v2\/media\/17335"}],"wp:attachment":[{"href":"https:\/\/roteiroscariocas.com.br\/index.php\/wp-json\/wp\/v2\/media?parent=17334"}],"wp:term":[{"taxonomy":"category","embeddable":true,"href":"https:\/\/roteiroscariocas.com.br\/index.php\/wp-json\/wp\/v2\/categories?post=17334"},{"taxonomy":"post_tag","embeddable":true,"href":"https:\/\/roteiroscariocas.com.br\/index.php\/wp-json\/wp\/v2\/tags?post=17334"}],"curies":[{"name":"wp","href":"https:\/\/api.w.org\/{rel}","templated":true}]}}