{"id":17350,"date":"2026-02-03T17:48:20","date_gmt":"2026-02-03T20:48:20","guid":{"rendered":"https:\/\/revistacarnaval.com.br\/?p=17350"},"modified":"2026-04-10T00:00:17","modified_gmt":"2026-04-10T03:00:17","slug":"dez-reais-de-sonho-um-lugar-na-arquibancada","status":"publish","type":"post","link":"https:\/\/roteiroscariocas.com.br\/index.php\/2026\/02\/03\/dez-reais-de-sonho-um-lugar-na-arquibancada\/","title":{"rendered":"Dez Reais De Sonho, Um Lugar Na Arquibancada"},"content":{"rendered":"\n<p><strong>Venda popular reacende a energia do povo na Sapuca\u00ed e refor\u00e7a que Carnaval tamb\u00e9m \u00e9 acesso<\/strong><\/p>\n\n\n\n<p>Existe um tipo de expectativa que s\u00f3 o ingresso popular provoca: a sensa\u00e7\u00e3o de que a Sapuca\u00ed volta a caber no bolso e, principalmente, na vida real de quem faz o Carnaval existir. A venda marcada para quinta-feira, 5 de fevereiro, recoloca a arquibancada como territ\u00f3rio de comunidade, de canto forte, de sambista que aprende o samba na quadra e confirma na avenida. \u00c9 um an\u00fancio simples, mas com impacto enorme, porque mexe diretamente com o direito de estar presente.<\/p>\n\n\n\n<p>Os ingressos populares ser\u00e3o vendidos para os setores 12 e 13, com pre\u00e7o de dez reais e meia-entrada a cinco reais. A partir das dez da manh\u00e3, o p\u00fablico poder\u00e1 comprar entradas para todos os dias competitivos do Grupo Especial, no domingo, na segunda e na ter\u00e7a-feira, al\u00e9m do S\u00e1bado das Campe\u00e3s. \u00c9 o tipo de bilhete que n\u00e3o promete luxo, mas entrega aquilo que muita gente quer de verdade: a experi\u00eancia de ver a escola passar com a voz da arquibancada empurrando o samba.<\/p>\n\n\n\n<p>E, como se a cidade quisesse refor\u00e7ar essa ideia de acesso, outra etapa importante acontece neste s\u00e1bado, 7 de fevereiro: o cadastro gratuito do Setor 1. \u00c9 um setor querido por quem gosta de sentir o Samb\u00f3dromo antes da escola entrar inteira, acompanhando aquele esquenta que parece rito. A partir das oito da manh\u00e3, o cadastro ser\u00e1 feito no pr\u00f3prio Samb\u00f3dromo, com registro de biometria facial para escolher um dia de desfile competitivo e tamb\u00e9m garantir presen\u00e7a no S\u00e1bado das Campe\u00e3s. O atendimento segue at\u00e9 as duas da tarde ou at\u00e9 as vagas terminarem.<\/p>\n\n\n\n<p>Para validar o cadastro, \u00e9 necess\u00e1rio levar um documento oficial com foto e CPF. Menores de idade precisam estar acompanhados dos respons\u00e1veis. \u00c9 uma etapa que mistura inclus\u00e3o e organiza\u00e7\u00e3o, como se dissesse que o acesso popular precisa existir, mas tamb\u00e9m precisa funcionar de forma justa e controlada, para n\u00e3o virar confus\u00e3o nem frustra\u00e7\u00e3o.<\/p>\n\n\n\n<p>No calend\u00e1rio, a festa j\u00e1 tem forma: os desfiles competitivos acontecem em 15, 16 e 17 de fevereiro, e as seis melhores retornam no dia 21, no S\u00e1bado das Campe\u00e3s. Quando o ingresso popular se abre, o Carnaval ganha o que ele tem de mais potente: a arquibancada cantando como se fosse parte do desfile, porque, no fundo, sempre foi.<\/p>\n","protected":false},"excerpt":{"rendered":"<p>Venda popular reacende a energia do povo na Sapuca\u00ed e refor\u00e7a que Carnaval tamb\u00e9m \u00e9 acesso Existe um tipo de<\/p>\n","protected":false},"author":1,"featured_media":17351,"comment_status":"closed","ping_status":"open","sticky":false,"template":"","format":"standard","meta":{"colormag_page_container_layout":"default_layout","colormag_page_sidebar_layout":"default_layout","ngg_post_thumbnail":0,"footnotes":""},"categories":[33,36,37,40],"tags":[],"class_list":["post-17350","post","type-post","status-publish","format-standard","has-post-thumbnail","hentry","category-carnaval","category-destaques","category-especial","category-hot"],"_links":{"self":[{"href":"https:\/\/roteiroscariocas.com.br\/index.php\/wp-json\/wp\/v2\/posts\/17350","targetHints":{"allow":["GET"]}}],"collection":[{"href":"https:\/\/roteiroscariocas.com.br\/index.php\/wp-json\/wp\/v2\/posts"}],"about":[{"href":"https:\/\/roteiroscariocas.com.br\/index.php\/wp-json\/wp\/v2\/types\/post"}],"author":[{"embeddable":true,"href":"https:\/\/roteiroscariocas.com.br\/index.php\/wp-json\/wp\/v2\/users\/1"}],"replies":[{"embeddable":true,"href":"https:\/\/roteiroscariocas.com.br\/index.php\/wp-json\/wp\/v2\/comments?post=17350"}],"version-history":[{"count":1,"href":"https:\/\/roteiroscariocas.com.br\/index.php\/wp-json\/wp\/v2\/posts\/17350\/revisions"}],"predecessor-version":[{"id":18725,"href":"https:\/\/roteiroscariocas.com.br\/index.php\/wp-json\/wp\/v2\/posts\/17350\/revisions\/18725"}],"wp:featuredmedia":[{"embeddable":true,"href":"https:\/\/roteiroscariocas.com.br\/index.php\/wp-json\/wp\/v2\/media\/17351"}],"wp:attachment":[{"href":"https:\/\/roteiroscariocas.com.br\/index.php\/wp-json\/wp\/v2\/media?parent=17350"}],"wp:term":[{"taxonomy":"category","embeddable":true,"href":"https:\/\/roteiroscariocas.com.br\/index.php\/wp-json\/wp\/v2\/categories?post=17350"},{"taxonomy":"post_tag","embeddable":true,"href":"https:\/\/roteiroscariocas.com.br\/index.php\/wp-json\/wp\/v2\/tags?post=17350"}],"curies":[{"name":"wp","href":"https:\/\/api.w.org\/{rel}","templated":true}]}}