{"id":17986,"date":"2026-02-08T16:04:23","date_gmt":"2026-02-08T19:04:23","guid":{"rendered":"https:\/\/revistacarnaval.com.br\/?p=17986"},"modified":"2026-04-10T00:00:17","modified_gmt":"2026-04-10T03:00:17","slug":"musa-da-mangueira-desfila-com-look-feito-com-mais-de-200-garrafas-pet-e-leva-reflexao-sobre-poluicao-do-rio-amazonas-para-avenida","status":"publish","type":"post","link":"https:\/\/roteiroscariocas.com.br\/index.php\/2026\/02\/08\/musa-da-mangueira-desfila-com-look-feito-com-mais-de-200-garrafas-pet-e-leva-reflexao-sobre-poluicao-do-rio-amazonas-para-avenida\/","title":{"rendered":"Musa da Mangueira desfila com look feito com mais de 200 garrafas pet e leva reflex\u00e3o sobre polui\u00e7\u00e3o do Rio Amazonas para Avenida"},"content":{"rendered":"\n<p><em>Figurino \u00e9 feito de forma artesanal e dialoga com enredo da Esta\u00e7\u00e3o Primeira da Mangueira<\/em><\/p>\n\n\n\n<p>No \u00faltimo ensaio t\u00e9cnico da escola da Esta\u00e7\u00e3o Primeira da Mangueira, realizado na sexta-feira (06\/02), a Avenida tamb\u00e9m foi espa\u00e7o de alerta e conscientiza\u00e7\u00e3o ambiental. A Musa da Mangueira Thay Barbosa desfilou na Marqu\u00eas da Sapuca\u00ed com um look constru\u00eddo manualmente a partir da reciclagem de mais de 200 garrafas pet, trazendo \u00e0 reflex\u00e3o sobre um dado alarmante: o Rio Amazonas \u00e9 o segundo mais polu\u00eddo do mundo por pl\u00e1stico e micropl\u00e1sticos.<\/p>\n\n\n\n<figure class=\"wp-block-gallery has-nested-images columns-default is-cropped wp-block-gallery-1 is-layout-flex wp-block-gallery-is-layout-flex\">\n<figure class=\"wp-block-image size-large\"><img loading=\"lazy\" decoding=\"async\" width=\"684\" height=\"1024\" data-id=\"17988\" src=\"https:\/\/roteiroscariocas.com.br\/wp-content\/uploads\/2026\/02\/WhatsApp-Image-2026-02-07-at-10.19.50-2-684x1024.webp\" alt=\"\" class=\"wp-image-17988\" srcset=\"https:\/\/roteiroscariocas.com.br\/wp-content\/uploads\/2026\/02\/WhatsApp-Image-2026-02-07-at-10.19.50-2-684x1024.webp 684w, https:\/\/roteiroscariocas.com.br\/wp-content\/uploads\/2026\/02\/WhatsApp-Image-2026-02-07-at-10.19.50-2-200x300.webp 200w, https:\/\/roteiroscariocas.com.br\/wp-content\/uploads\/2026\/02\/WhatsApp-Image-2026-02-07-at-10.19.50-2-768x1149.webp 768w, https:\/\/roteiroscariocas.com.br\/wp-content\/uploads\/2026\/02\/WhatsApp-Image-2026-02-07-at-10.19.50-2-1026x1536.webp 1026w, https:\/\/roteiroscariocas.com.br\/wp-content\/uploads\/2026\/02\/WhatsApp-Image-2026-02-07-at-10.19.50-2.webp 1069w\" sizes=\"auto, (max-width: 684px) 100vw, 684px\" \/><\/figure>\n\n\n\n<figure class=\"wp-block-image size-large\"><img loading=\"lazy\" decoding=\"async\" width=\"684\" height=\"1024\" data-id=\"17990\" src=\"https:\/\/roteiroscariocas.com.br\/wp-content\/uploads\/2026\/02\/WhatsApp-Image-2026-02-07-at-10.19.50-1-684x1024.webp\" alt=\"\" class=\"wp-image-17990\" srcset=\"https:\/\/roteiroscariocas.com.br\/wp-content\/uploads\/2026\/02\/WhatsApp-Image-2026-02-07-at-10.19.50-1-684x1024.webp 684w, https:\/\/roteiroscariocas.com.br\/wp-content\/uploads\/2026\/02\/WhatsApp-Image-2026-02-07-at-10.19.50-1-200x300.webp 200w, https:\/\/roteiroscariocas.com.br\/wp-content\/uploads\/2026\/02\/WhatsApp-Image-2026-02-07-at-10.19.50-1-768x1149.webp 768w, https:\/\/roteiroscariocas.com.br\/wp-content\/uploads\/2026\/02\/WhatsApp-Image-2026-02-07-at-10.19.50-1-1026x1536.webp 1026w, https:\/\/roteiroscariocas.com.br\/wp-content\/uploads\/2026\/02\/WhatsApp-Image-2026-02-07-at-10.19.50-1.webp 1069w\" sizes=\"auto, (max-width: 684px) 100vw, 684px\" \/><\/figure>\n\n\n\n<figure class=\"wp-block-image size-large\"><img loading=\"lazy\" decoding=\"async\" width=\"595\" height=\"1024\" data-id=\"17989\" src=\"https:\/\/roteiroscariocas.com.br\/wp-content\/uploads\/2026\/02\/WhatsApp-Image-2026-02-07-at-10.19.50-595x1024.webp\" alt=\"\" class=\"wp-image-17989\" srcset=\"https:\/\/roteiroscariocas.com.br\/wp-content\/uploads\/2026\/02\/WhatsApp-Image-2026-02-07-at-10.19.50-595x1024.webp 595w, https:\/\/roteiroscariocas.com.br\/wp-content\/uploads\/2026\/02\/WhatsApp-Image-2026-02-07-at-10.19.50-174x300.webp 174w, https:\/\/roteiroscariocas.com.br\/wp-content\/uploads\/2026\/02\/WhatsApp-Image-2026-02-07-at-10.19.50-768x1321.webp 768w, https:\/\/roteiroscariocas.com.br\/wp-content\/uploads\/2026\/02\/WhatsApp-Image-2026-02-07-at-10.19.50-893x1536.webp 893w, https:\/\/roteiroscariocas.com.br\/wp-content\/uploads\/2026\/02\/WhatsApp-Image-2026-02-07-at-10.19.50.webp 930w\" sizes=\"auto, (max-width: 595px) 100vw, 595px\" \/><\/figure>\n<\/figure>\n\n\n\n<p>O look \u00e9 idealizado e executado pela estilista Tha\u00eds Alana, cria da Baixada Fluminense, entusiasta da moda, do carnaval e da comunica\u00e7\u00e3o. Tha\u00eds explica que a ideia do look surgiu em novembro de 2025 a partir da frase \u2018Corre \u00e1gua, jorra vida\u2019 que faz parte do samba enredo da Mangueira deste ano e desde ent\u00e3o passou a se aprofundar no tema. A estilista tamb\u00e9m conta que cada etapa do figurino foi feita de forma artesanal. As garrafas passam por um processo rigoroso de lavagem, corte, lixamento e queima, seguido de pintura e um tempo m\u00ednimo de 24 horas de secagem antes da montagem final da pe\u00e7a. Al\u00e9m da mensagem de conscientiza\u00e7\u00e3o ambiental, o look tamb\u00e9m levanta o debate sobre consumo consciente. Com custo financeiro praticamente zero, a pe\u00e7a mostra que criatividade, tempo e dedica\u00e7\u00e3o podem substituir o consumo excessivo, sem abrir m\u00e3o do estilo e simbolismo. Para a estilista, o figurino ressignifica materiais descartados e evid\u00eancia a pot\u00eancia da moda como ferramenta de comunica\u00e7\u00e3o e transforma\u00e7\u00e3o social.<\/p>\n\n\n\n<p><em>\u201cNosso corpo \u00e9 pol\u00edtico e somos respons\u00e1veis pela comunica\u00e7\u00e3o a partir dele. Quando o lixo vira arte, o desfile deixa de ser s\u00f3 espet\u00e1culo e passa a ser mensagem. \u00c9 sobre olhar para o que descartamos e entender nossa responsabilidade coletiva. O carnaval \u00e9 o maior evento cultural do Brasil e podemos usar esse espa\u00e7o para conscientizar e trazer \u00e0 mem\u00f3ria sobre o futuro que queremos\u201d<\/em> alerta Tha\u00eds, que ainda acrescenta que o trabalho manual foi demorado e minucioso, levando cerca de um m\u00eas para a constru\u00e7\u00e3o do figurino.<\/p>\n\n\n\n<figure class=\"wp-block-gallery has-nested-images columns-default is-cropped wp-block-gallery-2 is-layout-flex wp-block-gallery-is-layout-flex\">\n<figure class=\"wp-block-image size-large\"><img loading=\"lazy\" decoding=\"async\" width=\"682\" height=\"1024\" data-id=\"17993\" src=\"https:\/\/roteiroscariocas.com.br\/wp-content\/uploads\/2026\/02\/WhatsApp-Image-2026-02-07-at-10.19.49-682x1024.webp\" alt=\"\" class=\"wp-image-17993\" srcset=\"https:\/\/roteiroscariocas.com.br\/wp-content\/uploads\/2026\/02\/WhatsApp-Image-2026-02-07-at-10.19.49-682x1024.webp 682w, https:\/\/roteiroscariocas.com.br\/wp-content\/uploads\/2026\/02\/WhatsApp-Image-2026-02-07-at-10.19.49-200x300.webp 200w, https:\/\/roteiroscariocas.com.br\/wp-content\/uploads\/2026\/02\/WhatsApp-Image-2026-02-07-at-10.19.49-768x1153.webp 768w, https:\/\/roteiroscariocas.com.br\/wp-content\/uploads\/2026\/02\/WhatsApp-Image-2026-02-07-at-10.19.49-1023x1536.webp 1023w, https:\/\/roteiroscariocas.com.br\/wp-content\/uploads\/2026\/02\/WhatsApp-Image-2026-02-07-at-10.19.49.webp 1066w\" sizes=\"auto, (max-width: 682px) 100vw, 682px\" \/><\/figure>\n\n\n\n<figure class=\"wp-block-image size-large\"><img loading=\"lazy\" decoding=\"async\" width=\"682\" height=\"1024\" data-id=\"17991\" src=\"https:\/\/roteiroscariocas.com.br\/wp-content\/uploads\/2026\/02\/WhatsApp-Image-2026-02-07-at-10.19.48-1-682x1024.webp\" alt=\"\" class=\"wp-image-17991\" srcset=\"https:\/\/roteiroscariocas.com.br\/wp-content\/uploads\/2026\/02\/WhatsApp-Image-2026-02-07-at-10.19.48-1-682x1024.webp 682w, https:\/\/roteiroscariocas.com.br\/wp-content\/uploads\/2026\/02\/WhatsApp-Image-2026-02-07-at-10.19.48-1-200x300.webp 200w, https:\/\/roteiroscariocas.com.br\/wp-content\/uploads\/2026\/02\/WhatsApp-Image-2026-02-07-at-10.19.48-1-768x1153.webp 768w, https:\/\/roteiroscariocas.com.br\/wp-content\/uploads\/2026\/02\/WhatsApp-Image-2026-02-07-at-10.19.48-1-1023x1536.webp 1023w, https:\/\/roteiroscariocas.com.br\/wp-content\/uploads\/2026\/02\/WhatsApp-Image-2026-02-07-at-10.19.48-1.webp 1066w\" sizes=\"auto, (max-width: 682px) 100vw, 682px\" \/><\/figure>\n\n\n\n<figure class=\"wp-block-image size-large\"><img loading=\"lazy\" decoding=\"async\" width=\"682\" height=\"1024\" data-id=\"17992\" src=\"https:\/\/roteiroscariocas.com.br\/wp-content\/uploads\/2026\/02\/WhatsApp-Image-2026-02-07-at-10.19.48-682x1024.webp\" alt=\"\" class=\"wp-image-17992\" srcset=\"https:\/\/roteiroscariocas.com.br\/wp-content\/uploads\/2026\/02\/WhatsApp-Image-2026-02-07-at-10.19.48-682x1024.webp 682w, https:\/\/roteiroscariocas.com.br\/wp-content\/uploads\/2026\/02\/WhatsApp-Image-2026-02-07-at-10.19.48-200x300.webp 200w, https:\/\/roteiroscariocas.com.br\/wp-content\/uploads\/2026\/02\/WhatsApp-Image-2026-02-07-at-10.19.48-768x1153.webp 768w, https:\/\/roteiroscariocas.com.br\/wp-content\/uploads\/2026\/02\/WhatsApp-Image-2026-02-07-at-10.19.48-1023x1536.webp 1023w, https:\/\/roteiroscariocas.com.br\/wp-content\/uploads\/2026\/02\/WhatsApp-Image-2026-02-07-at-10.19.48.webp 1066w\" sizes=\"auto, (max-width: 682px) 100vw, 682px\" \/><\/figure>\n<\/figure>\n\n\n\n<p>A cria\u00e7\u00e3o do look tamb\u00e9m dialoga diretamente com o enredo deste ano da escola de samba Esta\u00e7\u00e3o Primeira da Mangueira \u2018Mestre Sacaca do Encanto do Tucuju &#8211; o Guardi\u00e3o da Amaz\u00f4nia Negra\u2019, que reverencia \u00e0 floresta, seus saberes ancestrais e a resist\u00eancia dos povos amaz\u00f4nicos. O figurino surge como extens\u00e3o visual desse discurso, transformando res\u00edduos em arte e provoca\u00e7\u00e3o.<\/p>\n\n\n\n<p>Thay Barbosa \u00e9 nascida e criada no Morro da Mangueira e desfila na escola verde e rosa desde os seis anos de idade. Em 2023, Thay se tornou musa da Esta\u00e7\u00e3o Primeira e foi capa do enredo &#8216;As \u00c1fricas que a Bahia canta&#8217;. A musa enfatiza a import\u00e2ncia da visibilidade de estar em uma Avenida para trazer um debate importante para a sociedade. <em>\u201cAproveitar essa oportunidade para vestir um figurino que traz uma reflex\u00e3o e cr\u00edtica ambiental \u00e9 mostrar que o carnaval vai muito al\u00e9m do lazer, \u00e9 conscientiza\u00e7\u00e3o, arte, moda, pol\u00edtica e mem\u00f3ria\u201d<\/em>, afirma.<\/p>\n\n\n\n<p>No Carnaval, onde tudo \u00e9 comunicado por meio da arte, o figurino de Thay Barbosa refor\u00e7a que a festa tamb\u00e9m pode ser espa\u00e7o de conscientiza\u00e7\u00e3o, mem\u00f3ria e futuro.<\/p>\n","protected":false},"excerpt":{"rendered":"<p>Figurino \u00e9 feito de forma artesanal e dialoga com enredo da Esta\u00e7\u00e3o Primeira da Mangueira No \u00faltimo ensaio t\u00e9cnico da<\/p>\n","protected":false},"author":1,"featured_media":17987,"comment_status":"closed","ping_status":"open","sticky":false,"template":"","format":"standard","meta":{"colormag_page_container_layout":"default_layout","colormag_page_sidebar_layout":"default_layout","ngg_post_thumbnail":0,"footnotes":""},"categories":[33,36,37,40],"tags":[],"class_list":["post-17986","post","type-post","status-publish","format-standard","has-post-thumbnail","hentry","category-carnaval","category-destaques","category-especial","category-hot"],"_links":{"self":[{"href":"https:\/\/roteiroscariocas.com.br\/index.php\/wp-json\/wp\/v2\/posts\/17986","targetHints":{"allow":["GET"]}}],"collection":[{"href":"https:\/\/roteiroscariocas.com.br\/index.php\/wp-json\/wp\/v2\/posts"}],"about":[{"href":"https:\/\/roteiroscariocas.com.br\/index.php\/wp-json\/wp\/v2\/types\/post"}],"author":[{"embeddable":true,"href":"https:\/\/roteiroscariocas.com.br\/index.php\/wp-json\/wp\/v2\/users\/1"}],"replies":[{"embeddable":true,"href":"https:\/\/roteiroscariocas.com.br\/index.php\/wp-json\/wp\/v2\/comments?post=17986"}],"version-history":[{"count":1,"href":"https:\/\/roteiroscariocas.com.br\/index.php\/wp-json\/wp\/v2\/posts\/17986\/revisions"}],"predecessor-version":[{"id":18723,"href":"https:\/\/roteiroscariocas.com.br\/index.php\/wp-json\/wp\/v2\/posts\/17986\/revisions\/18723"}],"wp:featuredmedia":[{"embeddable":true,"href":"https:\/\/roteiroscariocas.com.br\/index.php\/wp-json\/wp\/v2\/media\/17987"}],"wp:attachment":[{"href":"https:\/\/roteiroscariocas.com.br\/index.php\/wp-json\/wp\/v2\/media?parent=17986"}],"wp:term":[{"taxonomy":"category","embeddable":true,"href":"https:\/\/roteiroscariocas.com.br\/index.php\/wp-json\/wp\/v2\/categories?post=17986"},{"taxonomy":"post_tag","embeddable":true,"href":"https:\/\/roteiroscariocas.com.br\/index.php\/wp-json\/wp\/v2\/tags?post=17986"}],"curies":[{"name":"wp","href":"https:\/\/api.w.org\/{rel}","templated":true}]}}