{"id":18249,"date":"2026-02-09T10:06:18","date_gmt":"2026-02-09T13:06:18","guid":{"rendered":"https:\/\/revistacarnaval.com.br\/?p=18249"},"modified":"2026-04-10T00:00:47","modified_gmt":"2026-04-10T03:00:47","slug":"carnaval-2026-intendente-magalhaes-tera-54-desfiles-ao-longo-de-seis-dias-de-folia","status":"publish","type":"post","link":"https:\/\/roteiroscariocas.com.br\/index.php\/2026\/02\/09\/carnaval-2026-intendente-magalhaes-tera-54-desfiles-ao-longo-de-seis-dias-de-folia\/","title":{"rendered":"Carnaval 2026: Intendente Magalh\u00e3es ter\u00e1 54 desfiles ao longo de seis dias de folia"},"content":{"rendered":"\n<p><em>Estrada que corta o sub\u00farbio carioca vai receber escolas que disputam o acesso \u00e0 Sapuca\u00ed<\/em><\/p>\n\n\n\n<h1 class=\"wp-block-heading\"><\/h1>\n\n\n\n<p>Conhecido como \u201cPassarela Popular do Samba\u2019\u2019, o Carnaval da&nbsp;<strong>Intendente Magalh\u00e3es<\/strong>&nbsp;\u00e9 o local por onde passam as&nbsp;<strong>agremia\u00e7\u00f5es das s\u00e9ries Prata, Bronze e Grupo de Avalia\u00e7\u00e3o<\/strong>, al\u00e9m do Grupo 1 das Federa\u00e7\u00f5es dos Blocos. Em 2026, a avenida volta a receber diversas escolas de samba das mais diferentes regi\u00f5es do estado, que prometem grandes disputas em dias de muita emo\u00e7\u00e3o, hist\u00f3rias, personagens e senso de comunidade.<\/p>\n\n\n\n<p>Organizado pela Superliga RJ em parceria com a Riotur, o Carnaval ter\u00e1 sua programa\u00e7\u00e3o iniciada no&nbsp;<strong>s\u00e1bado (14), a partir das 20h<\/strong>, com os desfiles do Grupo 1 da Federa\u00e7\u00e3o dos Blocos Carnavalescos. Esse dia reunir\u00e1 o grupo de blocos de enredo que disputam vaga no Grupo de Avalia\u00e7\u00e3o. J\u00e1 os desfiles da S\u00e9rie Prata acontecem no domingo (15) e na segunda-feira (16), a partir das 18h, com as escolas que competem para subir para a S\u00e9rie Ouro. O Grupo de Avalia\u00e7\u00e3o desfilar\u00e1 na ter\u00e7a-feira (17), e a S\u00e9rie Bronze entra na avenida na sexta (20) e no s\u00e1bado (21) ap\u00f3s o Carnaval oficial.<\/p>\n\n\n\n<p>\u201cA Intendente Magalh\u00e3es \u00e9 um dos maiores s\u00edmbolos da democratiza\u00e7\u00e3o do Carnaval do Rio. \u00c9 ali que a cultura popular pulsa, reunindo escolas tradicionais, comunidades inteiras e milhares de trabalhadores do samba que mant\u00eam viva a nossa festa. A Riotur tem orgulho de apoiar os desfiles da Intendente, trabalhando para oferecer estrutura, seguran\u00e7a e condi\u00e7\u00f5es adequadas para que as escolas possam se apresentar com dignidade, garantindo visibilidade e respeito ao seu papel na hist\u00f3ria do carnaval\u201d, diz Bernardo Fellows, presidente da Riotur.&nbsp;<\/p>\n\n\n\n<p>Por ali, concentram-se as escolas e blocos que disputam locais de acesso a cada ano visando um lugar na elite do Carnaval do Rio. Ao longo dos anos, a Intendente tamb\u00e9m se consolidou como espa\u00e7o de revela\u00e7\u00e3o de compositores, passistas, carnavalescos e profissionais que movimentam toda a cadeia produtiva da folia. Al\u00e9m disso, o local fortalece o v\u00ednculo direto entre as escolas e seus territ\u00f3rios, preservando tradi\u00e7\u00f5es e estimulando o senso coletivo que marca as escolas de samba.<\/p>\n\n\n\n<p>Localizada a cerca de 19 quil\u00f4metros do Centro da Cidade, a Intendente Magalh\u00e3es corta os bairros de Campinho, Oswaldo Cruz, Madureira, Cascadura, Bento Ribeiro e Vila Valqueire. A via integrava a antiga Estrada Real de Santa Cruz. Sua hist\u00f3ria aponta a expans\u00e3o do Rio, al\u00e9m de refletir sobre as rela\u00e7\u00f5es culturais do povo carioca e suas realidades. Os desfiles da Intendente s\u00e3o gratuitos e garantem uma \u00f3tima op\u00e7\u00e3o para quem busca viver uma vers\u00e3o mais raiz e tradicional do Carnaval carioca.<\/p>\n\n\n\n<p><strong>Confira a programa\u00e7\u00e3o completa dos desfiles<\/strong><\/p>\n\n\n\n<p><strong>Federa\u00e7\u00e3o dos Blocos &#8211; Grupo 1<\/strong><\/p>\n\n\n\n<p>In\u00edcio: 20h<\/p>\n\n\n\n<p><strong>S\u00e1bado \u2013 14 de fevereiro<\/strong><\/p>\n\n\n\n<p>Birita Mas N\u00e3o Cai \u2014 20h<\/p>\n\n\n\n<p>Imp\u00e9rio do Gramacho \u2014 20h50<\/p>\n\n\n\n<p>Vai Barrar? Nunca! \u2014 21h40<\/p>\n\n\n\n<p>Cometas do Bispo \u2014 22h30<\/p>\n\n\n\n<p>Unidos do Alto da Boa Vista \u2014 23h20<\/p>\n\n\n\n<p>Uni\u00e3o da Ponte \u2014 00h10<\/p>\n\n\n\n<p>Novo Horizonte \u2014 01h<\/p>\n\n\n\n<p>Renascer de Vaz Lobo \u2014 01h50<\/p>\n\n\n\n<p>Unidos do Bandeirantes \u2014 02h40<\/p>\n\n\n\n<p>Do Barriga \u2014 03h30<\/p>\n\n\n\n<p><strong>S\u00c9RIE PRATA<\/strong><\/p>\n\n\n\n<p><strong>Domingo \u2013 15 de fevereiro<\/strong><\/p>\n\n\n\n<p>In\u00edcio: 18h<\/p>\n\n\n\n<p>Mocidade Unida do Santa Marta \u2014 18h<\/p>\n\n\n\n<p>Arrast\u00e3o de Cascadura \u2014 18h40<\/p>\n\n\n\n<p>Tubar\u00e3o de Mesquita \u2014 19h20<\/p>\n\n\n\n<p>Renascer de Jacarepagu\u00e1 \u2014 20h<\/p>\n\n\n\n<p>Uni\u00e3o do Parque Curicica \u2014 20h40<\/p>\n\n\n\n<p>Independente da Pra\u00e7a da Bandeira \u2014 21h20<\/p>\n\n\n\n<p>Chatuba de Mesquita \u2014 22h<\/p>\n\n\n\n<p>Vizinha Faladeira \u2014 22h40<\/p>\n\n\n\n<p>Unidos de Lucas \u2014 23h20<\/p>\n\n\n\n<p>Independentes de Olaria \u2014 00h<\/p>\n\n\n\n<p>Tradi\u00e7\u00e3o \u2014 00h40<\/p>\n\n\n\n<p>Lins Imperial \u2014 01h20<\/p>\n\n\n\n<p>Uni\u00e3o de Jacarepagu\u00e1 \u2014 02h<\/p>\n\n\n\n<p>Acad\u00eamicos do Cubango \u2014 02h40<\/p>\n\n\n\n<p><strong>Segunda-feira \u2013 16 de fevereiro<\/strong><\/p>\n\n\n\n<p>In\u00edcio: 18h<\/p>\n\n\n\n<p>Imp\u00e9rio da Tijuca \u2014 18h<\/p>\n\n\n\n<p>Flamangua\u00e7a \u2014 18h40<\/p>\n\n\n\n<p>Feiti\u00e7o Carioca \u2014 19h20<\/p>\n\n\n\n<p>Siri de Ramos \u2014 20h<\/p>\n\n\n\n<p>Acad\u00eamicos da Aboli\u00e7\u00e3o \u2014 20h40<\/p>\n\n\n\n<p>Imp\u00e9rio de Nova Igua\u00e7u \u2014 21h20<\/p>\n\n\n\n<p>S\u00e3o Clemente \u2014 22h<\/p>\n\n\n\n<p>Acad\u00eamicos do Dend\u00ea \u2014 22h40<\/p>\n\n\n\n<p>Acad\u00eamicos do Engenho da Rainha \u2014 23h20<\/p>\n\n\n\n<p>Unidos de Santa Tereza \u2014 00h<\/p>\n\n\n\n<p>Acad\u00eamicos da Rocinha \u2014 00h40<\/p>\n\n\n\n<p>Acad\u00eamicos de Santa Cruz \u2014 01h20<\/p>\n\n\n\n<p>Alegria do Vilar \u2014 02h<\/p>\n\n\n\n<p>Le\u00e3o de Nova Igua\u00e7u \u2014 02h40<\/p>\n\n\n\n<p>Imp\u00e9rio da Uva \u2014 03h20<\/p>\n\n\n\n<p><strong>GRUPO DE AVALIA\u00c7\u00c3O<\/strong><\/p>\n\n\n\n<p><strong>Ter\u00e7a-feira&nbsp; \u2013 17 de fevereiro<\/strong><strong><br><\/strong><\/p>\n\n\n\n<p>Mocidade Unida da Cidade de Deus \u2014 18h<\/p>\n\n\n\n<p>Imp\u00e9rio Ricardense \u2014 18h40<\/p>\n\n\n\n<p>Ra\u00e7a Rubro-Negra \u2014 19h20<\/p>\n\n\n\n<p>Imp\u00e9rio da Resist\u00eancia \u2014 20h<\/p>\n\n\n\n<p>Mocidade Independente de Inha\u00fama \u2014 20h40<\/p>\n\n\n\n<p>Acad\u00eamicos da Pedra Branca \u2014 21h20<\/p>\n\n\n\n<p>Dif\u00edcil \u00e9 o Nome \u2014 22h<\/p>\n\n\n\n<p>Gato de Bonsucesso \u2014 22h40<\/p>\n\n\n\n<p>Arame de Ricardo \u2014 23h20<\/p>\n\n\n\n<p>Acad\u00eamicos de Madureira \u2014 00h<\/p>\n\n\n\n<p>Renascer de Nova Igua\u00e7u \u2014 00h40<\/p>\n\n\n\n<p>Coroado de Jacarepagu\u00e1 \u2014 01h20<\/p>\n\n\n\n<p>Del\u00edrio da Zona Oeste \u2014 02h<\/p>\n\n\n\n<p>Unidos de Manguinhos \u2014 02h40<\/p>\n\n\n\n<p>Casa de Malandro \u2014 03h20<\/p>\n\n\n\n<p><strong>S\u00c9RIE BRONZE<\/strong><\/p>\n\n\n\n<p><strong>Sexta \u2013 20 de fevereiro<\/strong><\/p>\n\n\n\n<p>Concentra Imperial \u2014 18h<\/p>\n\n\n\n<p>Acad\u00eamicos do Recreio \u2014 18h40<\/p>\n\n\n\n<p>Rosa de Ouro \u2014 19h20<\/p>\n\n\n\n<p>Imp\u00e9rio de Br\u00e1s de Pina \u2014 20h<\/p>\n\n\n\n<p>Sereno de Campo Grande \u2014 20h40<\/p>\n\n\n\n<p>Flor da Mina do Andara\u00ed \u2014 22h<\/p>\n\n\n\n<p>Unidos de Cosmos \u2014 22h40<\/p>\n\n\n\n<p>Uni\u00e3o Cruzmaltina \u2014 23h20<\/p>\n\n\n\n<p>Alegria de Copacabana \u2014 00h<\/p>\n\n\n\n<p><strong>S\u00e1bado \u2013 21 de fevereiro<\/strong><\/p>\n\n\n\n<p>Caprichosos de Pilares \u2014 18h<\/p>\n\n\n\n<p>Unidos da Vila Rica \u2014 18h40<\/p>\n\n\n\n<p>Boi da Ilha do Governador \u2014 19h20<\/p>\n\n\n\n<p>Imperadores Rubro-Negros \u2014 20h<\/p>\n\n\n\n<p>Unidos do Cabu\u00e7u \u2014 20h40<\/p>\n\n\n\n<p>Unidos da Vila Kennedy \u2014 21h20<\/p>\n\n\n\n<p>Acad\u00eamicos do Peixe \u2014 22h<\/p>\n\n\n\n<p>Novo Imp\u00e9rio \u2014 22h40<\/p>\n\n\n\n<p>Mocidade de Vicente de Carvalho \u2014 23h20<\/p>\n\n\n\n<p>Unidos da Barra da Tijuca \u2014 00h<\/p>\n","protected":false},"excerpt":{"rendered":"<p>Estrada que corta o sub\u00farbio carioca vai receber escolas que disputam o acesso \u00e0 Sapuca\u00ed Conhecido como \u201cPassarela Popular do<\/p>\n","protected":false},"author":1,"featured_media":18250,"comment_status":"closed","ping_status":"open","sticky":false,"template":"","format":"standard","meta":{"colormag_page_container_layout":"default_layout","colormag_page_sidebar_layout":"default_layout","ngg_post_thumbnail":0,"footnotes":""},"categories":[33,34],"tags":[],"class_list":["post-18249","post","type-post","status-publish","format-standard","has-post-thumbnail","hentry","category-carnaval","category-noticias"],"_links":{"self":[{"href":"https:\/\/roteiroscariocas.com.br\/index.php\/wp-json\/wp\/v2\/posts\/18249","targetHints":{"allow":["GET"]}}],"collection":[{"href":"https:\/\/roteiroscariocas.com.br\/index.php\/wp-json\/wp\/v2\/posts"}],"about":[{"href":"https:\/\/roteiroscariocas.com.br\/index.php\/wp-json\/wp\/v2\/types\/post"}],"author":[{"embeddable":true,"href":"https:\/\/roteiroscariocas.com.br\/index.php\/wp-json\/wp\/v2\/users\/1"}],"replies":[{"embeddable":true,"href":"https:\/\/roteiroscariocas.com.br\/index.php\/wp-json\/wp\/v2\/comments?post=18249"}],"version-history":[{"count":1,"href":"https:\/\/roteiroscariocas.com.br\/index.php\/wp-json\/wp\/v2\/posts\/18249\/revisions"}],"predecessor-version":[{"id":18722,"href":"https:\/\/roteiroscariocas.com.br\/index.php\/wp-json\/wp\/v2\/posts\/18249\/revisions\/18722"}],"wp:featuredmedia":[{"embeddable":true,"href":"https:\/\/roteiroscariocas.com.br\/index.php\/wp-json\/wp\/v2\/media\/18250"}],"wp:attachment":[{"href":"https:\/\/roteiroscariocas.com.br\/index.php\/wp-json\/wp\/v2\/media?parent=18249"}],"wp:term":[{"taxonomy":"category","embeddable":true,"href":"https:\/\/roteiroscariocas.com.br\/index.php\/wp-json\/wp\/v2\/categories?post=18249"},{"taxonomy":"post_tag","embeddable":true,"href":"https:\/\/roteiroscariocas.com.br\/index.php\/wp-json\/wp\/v2\/tags?post=18249"}],"curies":[{"name":"wp","href":"https:\/\/api.w.org\/{rel}","templated":true}]}}