{"id":22644,"date":"2026-08-30T12:00:00","date_gmt":"2026-08-30T15:00:00","guid":{"rendered":"https:\/\/roteiroscariocas.com.br\/index.php\/2026\/08\/30\/coracao-verde-e-rosa-dividido-mangueira-escolhe-samba-de-2027-no-sabado\/"},"modified":"2026-08-30T12:00:00","modified_gmt":"2026-08-30T15:00:00","slug":"coracao-verde-e-rosa-dividido-mangueira-escolhe-samba-de-2027-no-sabado","status":"publish","type":"post","link":"https:\/\/roteiroscariocas.com.br\/index.php\/2026\/08\/30\/coracao-verde-e-rosa-dividido-mangueira-escolhe-samba-de-2027-no-sabado\/","title":{"rendered":"Cora\u00e7\u00e3o verde e rosa dividido: Mangueira escolhe samba de 2027 no s\u00e1bado"},"content":{"rendered":"<p>A contagem regressiva para o Carnaval 2027 j\u00e1 come\u00e7ou com tudo no Pal\u00e1cio do Samba. A Esta\u00e7\u00e3o Primeira de Mangueira afunilou a disputa e definiu as duas parcerias finalistas que v\u00e3o brigar para embalar o desfile da verde e rosa na Marqu\u00eas de Sapuca\u00ed. A decis\u00e3o ficou entre duas obras de peso, assinadas pelos grupos liderados por Lequinho, com o Samba 8, e Arlindinho, com o Samba 10.<\/p>\n<p>O clima de expectativa toma conta da comunidade e a grande final\u00edssima est\u00e1 marcada para o pr\u00f3ximo s\u00e1bado, na quadra hist\u00f3rica da escola. A presidenta Guanayra Firmino fez quest\u00e3o de agradecer publicamente a dedica\u00e7\u00e3o de todos os poetas que participaram das eliminat\u00f3rias e desejou boa sorte aos finalistas que chegaram at\u00e9 aqui.<\/p>\n<p>Quem quiser acompanhar de perto essa noite que promete ser hist\u00f3rica j\u00e1 pode garantir o seu lugar. Os ingressos para a grande final est\u00e3o sendo vendidos de forma antecipada pela internet, atrav\u00e9s da plataforma Sympla. \u00c9 bom correr para n\u00e3o ficar de fora dessa festa que define o hino mangueirense.<\/p>\n","protected":false},"excerpt":{"rendered":"<p>As parcerias de Lequinho e Arlindinho est\u00e3o na grande final e a quadra promete ferver na decis\u00e3o<\/p>\n","protected":false},"author":1,"featured_media":22643,"comment_status":"","ping_status":"open","sticky":false,"template":"","format":"standard","meta":{"colormag_page_container_layout":"default_layout","colormag_page_sidebar_layout":"default_layout","ngg_post_thumbnail":0,"footnotes":""},"categories":[37,40],"tags":[],"class_list":["post-22644","post","type-post","status-publish","format-standard","has-post-thumbnail","hentry","category-especial","category-hot"],"_links":{"self":[{"href":"https:\/\/roteiroscariocas.com.br\/index.php\/wp-json\/wp\/v2\/posts\/22644","targetHints":{"allow":["GET"]}}],"collection":[{"href":"https:\/\/roteiroscariocas.com.br\/index.php\/wp-json\/wp\/v2\/posts"}],"about":[{"href":"https:\/\/roteiroscariocas.com.br\/index.php\/wp-json\/wp\/v2\/types\/post"}],"author":[{"embeddable":true,"href":"https:\/\/roteiroscariocas.com.br\/index.php\/wp-json\/wp\/v2\/users\/1"}],"replies":[{"embeddable":true,"href":"https:\/\/roteiroscariocas.com.br\/index.php\/wp-json\/wp\/v2\/comments?post=22644"}],"version-history":[{"count":0,"href":"https:\/\/roteiroscariocas.com.br\/index.php\/wp-json\/wp\/v2\/posts\/22644\/revisions"}],"wp:featuredmedia":[{"embeddable":true,"href":"https:\/\/roteiroscariocas.com.br\/index.php\/wp-json\/wp\/v2\/media\/22643"}],"wp:attachment":[{"href":"https:\/\/roteiroscariocas.com.br\/index.php\/wp-json\/wp\/v2\/media?parent=22644"}],"wp:term":[{"taxonomy":"category","embeddable":true,"href":"https:\/\/roteiroscariocas.com.br\/index.php\/wp-json\/wp\/v2\/categories?post=22644"},{"taxonomy":"post_tag","embeddable":true,"href":"https:\/\/roteiroscariocas.com.br\/index.php\/wp-json\/wp\/v2\/tags?post=22644"}],"curies":[{"name":"wp","href":"https:\/\/api.w.org\/{rel}","templated":true}]}}