{"id":22649,"date":"2026-08-30T03:52:53","date_gmt":"2026-08-30T06:52:53","guid":{"rendered":"https:\/\/roteiroscariocas.com.br\/index.php\/2026\/08\/30\/a-decisao-ta-chegando-mocidade-escolhe-os-quatro-sambas-finalistas-para-2027\/"},"modified":"2026-08-30T03:52:53","modified_gmt":"2026-08-30T06:52:53","slug":"a-decisao-ta-chegando-mocidade-escolhe-os-quatro-sambas-finalistas-para-2027","status":"publish","type":"post","link":"https:\/\/roteiroscariocas.com.br\/index.php\/2026\/08\/30\/a-decisao-ta-chegando-mocidade-escolhe-os-quatro-sambas-finalistas-para-2027\/","title":{"rendered":"A decis\u00e3o t\u00e1 chegando! Mocidade escolhe os quatro sambas finalistas para 2027"},"content":{"rendered":"<p>Ol\u00e1, boa noite.<\/p>\n<p>Tudo bem?<\/p>\n<p>Segue abaixo o release com os sambas que seguem na disputa.<\/p>\n<p>*Mocidade define 4 sambas para a disputa final do Carnaval 2027*<\/p>\n<p>*A noite tamb\u00e9m coroou Gabi Mendes como rainha de bateria da escola e marcou a estreia de Jack Pessanha como porta-bandeira*<\/p>\n<p>A Mocidade Independente de Padre Miguel definiu os 4 sambas que disputar\u00e3o a grande final de sua competi\u00e7\u00e3o para o Carnaval 2027. Ap\u00f3s semanas de eliminat\u00f3roas realizadas em clima de Libertadores da Am\u00e9rica, as obras classificadas chegam \u00e0 \u00faltima etapa em busca do direito de embalar o desfile de \u201cLatinamente Independente\u201d na Marqu\u00eas de Sapuca\u00ed.<\/p>\n<p>Os sambas finalistas s\u00e3o:<\/p>\n<p>Richard Valen\u00e7a &#038; Cia<br \/>PC Feital &#038; Cia<br \/>Jefinho Rodrigues &#038; Cia<br \/>L\u00e9o Peres &#038; Cia<\/p>\n<p>A noite foi marcada ainda pela coroa\u00e7\u00e3o de Gabi Mendes como nova rainha de bateria da Mocidade. Em um dos momentos mais emocionantes da programa\u00e7\u00e3o, Gabi recebeu a coroa e passou a ocupar oficialmente o posto \u00e0 frente da bateria da Estrela-Guia de Padre Miguel. A escola tamb\u00e9m celebrou Fab\u00edola Andrade, que permaneceu como rainha da escola.<\/p>\n<p>Outra novidade da noite foi a estreia de Jack Pessanha como porta-bandeira, defendendo o pavilh\u00e3o verde e branco. Jack assumiu temporariamente a fun\u00e7\u00e3o no lugar de Rafaela Theodoro, que se afastou das apresenta\u00e7\u00f5es neste per\u00edodo em raz\u00e3o da gravidez.<\/p>\n<p>A grande final da disputa acontecer\u00e1 no pr\u00f3ximo 5 de setembro, em uma noite que promete transformar a quadra da Mocidade, na Avenida Brasil, em uma grande festa. Considerado o maior evento da escola no ano, o encontro reunir\u00e1 milhares de pessoas em uma programa\u00e7\u00e3o especial, com m\u00fasica, encontros e diferentes manifesta\u00e7\u00f5es culturais.<\/p>\n<p>*Servi\u00e7o*<\/p>\n<p>Grande Final da Disputa de Samba-Enredo da Mocidade, Carnaval 2027<br \/>Data: 5 de setembro<br \/>Local: Quadra da Mocidade Independente de Padre Miguel, Avenida Brasil<\/p>\n<p>A grande final chegou. A Libertadores da Am\u00e9rica da Mocidade vai conhecer seu campe\u00e3o!<\/p>\n<p>Abs<\/p>\n","protected":false},"excerpt":{"rendered":"<p>Noite quente em Padre Miguel tamb\u00e9m teve coroa\u00e7\u00e3o de Gabi Mendes e estreia de Jack Pessanha como porta-bandeira<\/p>\n","protected":false},"author":1,"featured_media":22645,"comment_status":"","ping_status":"open","sticky":false,"template":"","format":"standard","meta":{"colormag_page_container_layout":"default_layout","colormag_page_sidebar_layout":"default_layout","ngg_post_thumbnail":0,"footnotes":""},"categories":[37,40],"tags":[],"class_list":["post-22649","post","type-post","status-publish","format-standard","has-post-thumbnail","hentry","category-especial","category-hot"],"_links":{"self":[{"href":"https:\/\/roteiroscariocas.com.br\/index.php\/wp-json\/wp\/v2\/posts\/22649","targetHints":{"allow":["GET"]}}],"collection":[{"href":"https:\/\/roteiroscariocas.com.br\/index.php\/wp-json\/wp\/v2\/posts"}],"about":[{"href":"https:\/\/roteiroscariocas.com.br\/index.php\/wp-json\/wp\/v2\/types\/post"}],"author":[{"embeddable":true,"href":"https:\/\/roteiroscariocas.com.br\/index.php\/wp-json\/wp\/v2\/users\/1"}],"replies":[{"embeddable":true,"href":"https:\/\/roteiroscariocas.com.br\/index.php\/wp-json\/wp\/v2\/comments?post=22649"}],"version-history":[{"count":0,"href":"https:\/\/roteiroscariocas.com.br\/index.php\/wp-json\/wp\/v2\/posts\/22649\/revisions"}],"wp:featuredmedia":[{"embeddable":true,"href":"https:\/\/roteiroscariocas.com.br\/index.php\/wp-json\/wp\/v2\/media\/22645"}],"wp:attachment":[{"href":"https:\/\/roteiroscariocas.com.br\/index.php\/wp-json\/wp\/v2\/media?parent=22649"}],"wp:term":[{"taxonomy":"category","embeddable":true,"href":"https:\/\/roteiroscariocas.com.br\/index.php\/wp-json\/wp\/v2\/categories?post=22649"},{"taxonomy":"post_tag","embeddable":true,"href":"https:\/\/roteiroscariocas.com.br\/index.php\/wp-json\/wp\/v2\/tags?post=22649"}],"curies":[{"name":"wp","href":"https:\/\/api.w.org\/{rel}","templated":true}]}}