{"id":22659,"date":"2026-08-31T12:51:01","date_gmt":"2026-08-31T15:51:01","guid":{"rendered":"https:\/\/roteiroscariocas.com.br\/index.php\/2026\/08\/31\/rei-mantido-anderson-reis-segue-no-comando-da-bateria-da-alegria-do-vilar\/"},"modified":"2026-08-31T12:51:01","modified_gmt":"2026-08-31T15:51:01","slug":"rei-mantido-anderson-reis-segue-no-comando-da-bateria-da-alegria-do-vilar","status":"publish","type":"post","link":"https:\/\/roteiroscariocas.com.br\/index.php\/2026\/08\/31\/rei-mantido-anderson-reis-segue-no-comando-da-bateria-da-alegria-do-vilar\/","title":{"rendered":"Rei mantido: Anderson Reis segue no comando da bateria da Alegria do Vilar"},"content":{"rendered":"<p>Boa tarde!<\/p>\n<p>Trago uma sugest\u00e3o de pauta sobre a perman\u00eancia do Anderson Reis a frente da bateria da Alegria do Vilar.<\/p>\n<p>Conseguimos um espa\u00e7o?<\/p>\n<p>Desde j\u00e1 agrade\u00e7o.<\/p>\n<p>*Anderson Reis segue reinando a frente da bateria da Alegria do Vilar pelo segundo ano consecutivo*<\/p>\n<p>Figura consagrada do Carnaval carioca, com passagens marcantes como rei de bateria e muso em diversas agremia\u00e7\u00f5es da S\u00e9rie Ouro e da S\u00e9rie Prata, Anderson Reis renova seu reinado \u00e0 frente da bateria da Alegria do Vilar. Ele segue pelo segundo ano consecutivo como o grande destaque \u00e0 frente da bateria Cad\u00eancia do Vilar, sob o comando de Mestre Mauri\u00e7\u00e3o.<\/p>\n<p>O rei marcou presen\u00e7a na grande final de samba-enredo da agremia\u00e7\u00e3o, realizada neste s\u00e1bado (29), noite em que o Samba 10 foi coroado como o hino oficial que a escola levar\u00e1 para a Intendente Magalh\u00e3es.<\/p>\n<p>Confiante em mais uma exibi\u00e7\u00e3o impec\u00e1vel da tricolor da Baixada Fluminense, Anderson faz quest\u00e3o de exaltar a parceria com a diretoria e a expectativa para o enredo, que levar\u00e1 o universo das f\u00e1bulas para a avenida pela S\u00e9rie Prata.<\/p>\n<p>&#8220;Estar \u00e0 frente da Cad\u00eancia do Vilar por mais um ano \u00e9 uma honra indescrit\u00edvel e um compromisso que renovo com todo o meu amor pelo samba. O Vilar \u00e9 a minha casa, e sentir a energia da nossa comunidade na final do samba s\u00f3 me deu mais certeza de que faremos um desfile hist\u00f3rico. Agrade\u00e7o demais ao presidente J\u00fanior Reis pela confian\u00e7a no meu trabalho e ao Mestre Mauri\u00e7\u00e3o por comandar esse ritmo perfeito. Vamos encantar a Intendente Magalh\u00e3es e transformar esse enredo sobre as f\u00e1bulas em um espet\u00e1culo inesquec\u00edvel!&#8221;, declarou Anderson Reis.<\/p>\n<figure class=\"wp-block-image size-large\"><img decoding=\"async\" src=\"https:\/\/roteiroscariocas.com.br\/wp-content\/uploads\/2026\/08\/rei-mantido-anderson-reis-segue-no-comando-da-bateria-da-alegria-do-vilar-corpo1.jpg\" alt=\"Rei mantido: Anderson Reis segue no comando da bateria da Alegria do Vilar\"\/><\/figure>\n<figure class=\"wp-block-image size-large\"><img decoding=\"async\" src=\"https:\/\/roteiroscariocas.com.br\/wp-content\/uploads\/2026\/08\/rei-mantido-anderson-reis-segue-no-comando-da-bateria-da-alegria-do-vilar-corpo2.jpg\" alt=\"Rei mantido: Anderson Reis segue no comando da bateria da Alegria do Vilar\"\/><\/figure>\n","protected":false},"excerpt":{"rendered":"<p>Destaque renova seu reinado pelo segundo ano consecutivo \u00e0 frente da Cad\u00eancia do Vilar para o Carnaval 2027<\/p>\n","protected":false},"author":1,"featured_media":22652,"comment_status":"","ping_status":"open","sticky":false,"template":"","format":"standard","meta":{"colormag_page_container_layout":"default_layout","colormag_page_sidebar_layout":"default_layout","ngg_post_thumbnail":0,"footnotes":""},"categories":[34],"tags":[],"class_list":["post-22659","post","type-post","status-publish","format-standard","has-post-thumbnail","hentry","category-noticias"],"_links":{"self":[{"href":"https:\/\/roteiroscariocas.com.br\/index.php\/wp-json\/wp\/v2\/posts\/22659","targetHints":{"allow":["GET"]}}],"collection":[{"href":"https:\/\/roteiroscariocas.com.br\/index.php\/wp-json\/wp\/v2\/posts"}],"about":[{"href":"https:\/\/roteiroscariocas.com.br\/index.php\/wp-json\/wp\/v2\/types\/post"}],"author":[{"embeddable":true,"href":"https:\/\/roteiroscariocas.com.br\/index.php\/wp-json\/wp\/v2\/users\/1"}],"replies":[{"embeddable":true,"href":"https:\/\/roteiroscariocas.com.br\/index.php\/wp-json\/wp\/v2\/comments?post=22659"}],"version-history":[{"count":0,"href":"https:\/\/roteiroscariocas.com.br\/index.php\/wp-json\/wp\/v2\/posts\/22659\/revisions"}],"wp:featuredmedia":[{"embeddable":true,"href":"https:\/\/roteiroscariocas.com.br\/index.php\/wp-json\/wp\/v2\/media\/22652"}],"wp:attachment":[{"href":"https:\/\/roteiroscariocas.com.br\/index.php\/wp-json\/wp\/v2\/media?parent=22659"}],"wp:term":[{"taxonomy":"category","embeddable":true,"href":"https:\/\/roteiroscariocas.com.br\/index.php\/wp-json\/wp\/v2\/categories?post=22659"},{"taxonomy":"post_tag","embeddable":true,"href":"https:\/\/roteiroscariocas.com.br\/index.php\/wp-json\/wp\/v2\/tags?post=22659"}],"curies":[{"name":"wp","href":"https:\/\/api.w.org\/{rel}","templated":true}]}}