{"id":22675,"date":"2026-08-31T12:02:00","date_gmt":"2026-08-31T15:02:00","guid":{"rendered":"https:\/\/roteiroscariocas.com.br\/index.php\/2026\/08\/31\/mauro-lima-e-o-novo-mestre-sala-do-imperio-de-nova-iguacu-para-2027\/"},"modified":"2026-08-31T12:02:00","modified_gmt":"2026-08-31T15:02:00","slug":"mauro-lima-e-o-novo-mestre-sala-do-imperio-de-nova-iguacu-para-2027","status":"publish","type":"post","link":"https:\/\/roteiroscariocas.com.br\/index.php\/2026\/08\/31\/mauro-lima-e-o-novo-mestre-sala-do-imperio-de-nova-iguacu-para-2027\/","title":{"rendered":"Mauro Lima \u00e9 o novo mestre-sala do Imp\u00e9rio de Nova Igua\u00e7u para 2027"},"content":{"rendered":"<p>O Imp\u00e9rio de Nova Igua\u00e7u segue fortalecendo seu elenco para o Carnaval 2027 e anuncia Mauro Lima como seu novo primeiro mestre-sala. O bailarino defender\u00e1 o primeiro pavilh\u00e3o da agremia\u00e7\u00e3o ao lado da porta-bandeira B\u00e1rbara Falc\u00e3o, formando a dupla oficial da escola para o pr\u00f3ximo desfile.<\/p>\n<p>Com uma trajet\u00f3ria constru\u00edda ao longo de mais de duas d\u00e9cadas dedicadas \u00e0 arte do mestre-sala e da porta-bandeira, Mauro Lima chega ao Imp\u00e9rio trazendo experi\u00eancia, t\u00e9cnica e uma hist\u00f3ria marcada por importantes passagens no carnaval carioca. Oriundo da tradicional Escola de Mestre-Sala, Porta-Bandeira e Porta-Estandarte Manoel Dion\u00edsio, onde iniciou seu aprendizado em 2002, Mauro construiu sua forma\u00e7\u00e3o ao lado do mestre Manoel Dion\u00edsio e tamb\u00e9m participou de experi\u00eancias voltadas \u00e0 difus\u00e3o e ao ensino da arte.<\/p>\n<p>Entre suas passagens pelas escolas de samba, o novo primeiro mestre-sala do Imp\u00e9rio de Nova Igua\u00e7u atuou como segundo mestre-sala da Unidos do Viradouro. Tamb\u00e9m teve uma longa trajet\u00f3ria como primeiro mestre-sala da Unidos do Jacarezinho. Seu curr\u00edculo inclui ainda passagens pelo Arranco do Engenho de Dentro, pela Uni\u00e3o do Parque Curicica, Favo de Acari, atual Uni\u00e3o do Parque Acari e pelo Can\u00e1rios das Laranjeiras.<\/p>\n<p>Al\u00e9m das pistas de desfile, Mauro tamb\u00e9m carrega uma importante experi\u00eancia na preserva\u00e7\u00e3o e transmiss\u00e3o da arte. Ao lado do mestre Manoel Dion\u00edsio, participou de atividades e ministrou aulas em diferentes cidades e institui\u00e7\u00f5es. Em 2006, esteve em Paranagu\u00e1, no Paran\u00e1, al\u00e9m de Paris e da Ilha da Reuni\u00e3o, na Fran\u00e7a. Mais recentemente, participou de aulas e atividades voltadas ao ensino da dan\u00e7a na UFRJ, em 2019, e na UFBA, em Salvador, em 2023.<\/p>\n<p>&#8220;Chego ao Imp\u00e9rio de Nova Igua\u00e7u com muita alegria e responsabilidade. Defender o pavilh\u00e3o de uma escola \u00e9 sempre uma miss\u00e3o especial, e estou muito feliz por ter a oportunidade de viver esse novo momento ao lado da B\u00e1rbara Falc\u00e3o. Espero que possamos construir uma dupla forte, com muita sintonia, respeito e dedica\u00e7\u00e3o, para representar a comunidade e a escola da melhor maneira poss\u00edvel&#8221;, destaca Mauro Lima.<\/p>\n<p>No Carnaval 2027, o Imp\u00e9rio de Nova Igua\u00e7u ser\u00e1 a sexta escola a desfilar na segunda-feira, 8 de fevereiro, pela S\u00e9rie Bronze. A agremia\u00e7\u00e3o levar\u00e1 para a Avenida o enredo &#8220;N\u00e3o Troco Meu Oxente pelo Okay de Ningu\u00e9m&#8221;.<\/p>\n<figure class=\"wp-block-image size-large\"><img decoding=\"async\" src=\"https:\/\/roteiroscariocas.com.br\/wp-content\/uploads\/2026\/08\/mauro-lima-e-o-novo-mestre-sala-do-imperio-de-nova-iguacu-para-2027-corpo1.jpg\" alt=\"Mauro Lima \u00e9 o novo mestre-sala do Imp\u00e9rio de Nova Igua\u00e7u para 2027\"\/><\/figure>\n<figure class=\"wp-block-image size-large\"><img decoding=\"async\" src=\"https:\/\/roteiroscariocas.com.br\/wp-content\/uploads\/2026\/08\/mauro-lima-e-o-novo-mestre-sala-do-imperio-de-nova-iguacu-para-2027-corpo2.jpg\" alt=\"Mauro Lima \u00e9 o novo mestre-sala do Imp\u00e9rio de Nova Igua\u00e7u para 2027\"\/><\/figure>\n","protected":false},"excerpt":{"rendered":"<p>Bailarino com mais de 20 anos de carnaval se une a B\u00e1rbara Falc\u00e3o no pavilh\u00e3o da escola<\/p>\n","protected":false},"author":1,"featured_media":22668,"comment_status":"","ping_status":"open","sticky":false,"template":"","format":"standard","meta":{"colormag_page_container_layout":"default_layout","colormag_page_sidebar_layout":"default_layout","ngg_post_thumbnail":0,"footnotes":""},"categories":[34],"tags":[],"class_list":["post-22675","post","type-post","status-publish","format-standard","has-post-thumbnail","hentry","category-noticias"],"_links":{"self":[{"href":"https:\/\/roteiroscariocas.com.br\/index.php\/wp-json\/wp\/v2\/posts\/22675","targetHints":{"allow":["GET"]}}],"collection":[{"href":"https:\/\/roteiroscariocas.com.br\/index.php\/wp-json\/wp\/v2\/posts"}],"about":[{"href":"https:\/\/roteiroscariocas.com.br\/index.php\/wp-json\/wp\/v2\/types\/post"}],"author":[{"embeddable":true,"href":"https:\/\/roteiroscariocas.com.br\/index.php\/wp-json\/wp\/v2\/users\/1"}],"replies":[{"embeddable":true,"href":"https:\/\/roteiroscariocas.com.br\/index.php\/wp-json\/wp\/v2\/comments?post=22675"}],"version-history":[{"count":0,"href":"https:\/\/roteiroscariocas.com.br\/index.php\/wp-json\/wp\/v2\/posts\/22675\/revisions"}],"wp:featuredmedia":[{"embeddable":true,"href":"https:\/\/roteiroscariocas.com.br\/index.php\/wp-json\/wp\/v2\/media\/22668"}],"wp:attachment":[{"href":"https:\/\/roteiroscariocas.com.br\/index.php\/wp-json\/wp\/v2\/media?parent=22675"}],"wp:term":[{"taxonomy":"category","embeddable":true,"href":"https:\/\/roteiroscariocas.com.br\/index.php\/wp-json\/wp\/v2\/categories?post=22675"},{"taxonomy":"post_tag","embeddable":true,"href":"https:\/\/roteiroscariocas.com.br\/index.php\/wp-json\/wp\/v2\/tags?post=22675"}],"curies":[{"name":"wp","href":"https:\/\/api.w.org\/{rel}","templated":true}]}}