{"id":22689,"date":"2026-08-31T11:13:34","date_gmt":"2026-08-31T14:13:34","guid":{"rendered":"https:\/\/roteiroscariocas.com.br\/index.php\/2026\/08\/31\/evelyn-bastos-lanca-circuito-historico-e-turismo-comunitario-na-mangueira\/"},"modified":"2026-08-31T11:13:34","modified_gmt":"2026-08-31T14:13:34","slug":"evelyn-bastos-lanca-circuito-historico-e-turismo-comunitario-na-mangueira","status":"publish","type":"post","link":"https:\/\/roteiroscariocas.com.br\/index.php\/2026\/08\/31\/evelyn-bastos-lanca-circuito-historico-e-turismo-comunitario-na-mangueira\/","title":{"rendered":"Evelyn Bastos lan\u00e7a circuito hist\u00f3rico e turismo comunit\u00e1rio na Mangueira"},"content":{"rendered":"<p>O Instituto Morro da Mangueira celebrou neste s\u00e1bado, 29 de agosto, uma nova fase de sua atua\u00e7\u00e3o no territ\u00f3rio. Presidido por Evelyn Bastos, o encontro reuniu moradores, lideran\u00e7as comunit\u00e1rias, parceiros e convidados em um percurso que come\u00e7ou no alto do morro e terminou na sede da institui\u00e7\u00e3o, no Buraco Quente.<\/p>\n<p>A programa\u00e7\u00e3o apresentou o projeto de um circuito hist\u00f3rico que vai identificar, por meio de marcos em azulejo, locais ligados \u00e0 vida de mestres e mestras que ajudaram a construir a hist\u00f3ria da Mangueira. A iniciativa ser\u00e1 integrada ao MangaTur, projeto de turismo comunit\u00e1rio que pretende proporcionar aos visitantes uma experi\u00eancia conduzida a partir da mem\u00f3ria, do patrim\u00f4nio e do olhar dos pr\u00f3prios moradores.<\/p>\n<p>O percurso tamb\u00e9m contou com uma experi\u00eancia gastron\u00f4mica. A parada incluiu batida de manga, fruta cuja \u00e1rvore d\u00e1 nome ao morro. Outras receitas com o ingrediente v\u00e3o fazer parte dessa frente, que pretende relacionar turismo comunit\u00e1rio, sabores, identidade e gera\u00e7\u00e3o de renda no territ\u00f3rio.<\/p>\n<p>Na chegada ao Buraco Quente, a abertura da sede foi marcada pela retirada de um la\u00e7o vermelho:<\/p>\n<p>\u201cHoje a gente marca uma nova fase constru\u00edda a partir da Mangueira e com a Mangueira. Eu nasci e fui criada aqui e sei que o nosso territ\u00f3rio n\u00e3o precisa que contem sua hist\u00f3ria por ele. Precisamos de instrumentos para preservar a mem\u00f3ria, cuidar das pessoas e transformar talento em oportunidade. Por isso, em vez de cortar uma fita, n\u00f3s desfizemos um la\u00e7o. Queremos abrir caminhos sem cortar nossas ra\u00edzes\u201d, disse Evelyn.<\/p>\n<p>Presidido por uma mulher nascida e criada no Morro da Mangueira, o Instituto \u00e9 uma iniciativa da organiza\u00e7\u00e3o N\u00f3s, Favela! e possui governan\u00e7a formada quase integralmente por mulheres perif\u00e9ricas. Sua atua\u00e7\u00e3o est\u00e1 estruturada em educa\u00e7\u00e3o; cultura, patrim\u00f4nio e mem\u00f3ria; acolhimento; e desenvolvimento social.<\/p>\n<p>Entre as frentes apresentadas est\u00e3o a\u00e7\u00f5es voltadas \u00e0 sa\u00fade integral da mulher, autonomia profissional feminina, seguran\u00e7a alimentar, atividades esportivas para crian\u00e7as e jovens e projetos culturais ligados \u00e0 economia criativa e ao Carnaval.<\/p>\n<p>O encontro contou ainda com a presen\u00e7a de Marcelo Freixo, que acompanhou a apresenta\u00e7\u00e3o do Instituto e manifestou apoio \u00e0 iniciativa.<\/p>\n<figure class=\"wp-block-image size-large\"><img decoding=\"async\" src=\"https:\/\/roteiroscariocas.com.br\/wp-content\/uploads\/2026\/08\/evelyn-bastos-lanca-circuito-historico-e-turismo-comunitario-na-mangueira-corpo1.jpg\" alt=\"Evelyn Bastos lan\u00e7a circuito hist\u00f3rico e turismo comunit\u00e1rio na Mangueira\"\/><\/figure>\n<figure class=\"wp-block-image size-large\"><img decoding=\"async\" src=\"https:\/\/roteiroscariocas.com.br\/wp-content\/uploads\/2026\/08\/evelyn-bastos-lanca-circuito-historico-e-turismo-comunitario-na-mangueira-corpo2.jpg\" alt=\"Evelyn Bastos lan\u00e7a circuito hist\u00f3rico e turismo comunit\u00e1rio na Mangueira\"\/><\/figure>\n<figure class=\"wp-block-image size-large\"><img decoding=\"async\" src=\"https:\/\/roteiroscariocas.com.br\/wp-content\/uploads\/2026\/08\/evelyn-bastos-lanca-circuito-historico-e-turismo-comunitario-na-mangueira-corpo3.jpg\" alt=\"Evelyn Bastos lan\u00e7a circuito hist\u00f3rico e turismo comunit\u00e1rio na Mangueira\"\/><\/figure>\n<figure class=\"wp-block-image size-large\"><img decoding=\"async\" src=\"https:\/\/roteiroscariocas.com.br\/wp-content\/uploads\/2026\/08\/evelyn-bastos-lanca-circuito-historico-e-turismo-comunitario-na-mangueira-corpo4.jpg\" alt=\"Evelyn Bastos lan\u00e7a circuito hist\u00f3rico e turismo comunit\u00e1rio na Mangueira\"\/><\/figure>\n<figure class=\"wp-block-image size-large\"><img decoding=\"async\" src=\"https:\/\/roteiroscariocas.com.br\/wp-content\/uploads\/2026\/08\/evelyn-bastos-lanca-circuito-historico-e-turismo-comunitario-na-mangueira-corpo5.jpg\" alt=\"Evelyn Bastos lan\u00e7a circuito hist\u00f3rico e turismo comunit\u00e1rio na Mangueira\"\/><\/figure>\n","protected":false},"excerpt":{"rendered":"<p>Instituto Morro da Mangueira abre nova fase com foco na mem\u00f3ria, gastronomia local e protagonismo feminino<\/p>\n","protected":false},"author":1,"featured_media":22676,"comment_status":"","ping_status":"open","sticky":false,"template":"","format":"standard","meta":{"colormag_page_container_layout":"default_layout","colormag_page_sidebar_layout":"default_layout","ngg_post_thumbnail":0,"footnotes":""},"categories":[37,40],"tags":[],"class_list":["post-22689","post","type-post","status-publish","format-standard","has-post-thumbnail","hentry","category-especial","category-hot"],"_links":{"self":[{"href":"https:\/\/roteiroscariocas.com.br\/index.php\/wp-json\/wp\/v2\/posts\/22689","targetHints":{"allow":["GET"]}}],"collection":[{"href":"https:\/\/roteiroscariocas.com.br\/index.php\/wp-json\/wp\/v2\/posts"}],"about":[{"href":"https:\/\/roteiroscariocas.com.br\/index.php\/wp-json\/wp\/v2\/types\/post"}],"author":[{"embeddable":true,"href":"https:\/\/roteiroscariocas.com.br\/index.php\/wp-json\/wp\/v2\/users\/1"}],"replies":[{"embeddable":true,"href":"https:\/\/roteiroscariocas.com.br\/index.php\/wp-json\/wp\/v2\/comments?post=22689"}],"version-history":[{"count":0,"href":"https:\/\/roteiroscariocas.com.br\/index.php\/wp-json\/wp\/v2\/posts\/22689\/revisions"}],"wp:featuredmedia":[{"embeddable":true,"href":"https:\/\/roteiroscariocas.com.br\/index.php\/wp-json\/wp\/v2\/media\/22676"}],"wp:attachment":[{"href":"https:\/\/roteiroscariocas.com.br\/index.php\/wp-json\/wp\/v2\/media?parent=22689"}],"wp:term":[{"taxonomy":"category","embeddable":true,"href":"https:\/\/roteiroscariocas.com.br\/index.php\/wp-json\/wp\/v2\/categories?post=22689"},{"taxonomy":"post_tag","embeddable":true,"href":"https:\/\/roteiroscariocas.com.br\/index.php\/wp-json\/wp\/v2\/tags?post=22689"}],"curies":[{"name":"wp","href":"https:\/\/api.w.org\/{rel}","templated":true}]}}