{"id":22697,"date":"2026-08-31T10:50:05","date_gmt":"2026-08-31T13:50:05","guid":{"rendered":"https:\/\/roteiroscariocas.com.br\/index.php\/2026\/08\/31\/santa-marta-define-semifinalistas-do-samba-para-o-carnaval-2027-neste-domingo\/"},"modified":"2026-08-31T10:50:05","modified_gmt":"2026-08-31T13:50:05","slug":"santa-marta-define-semifinalistas-do-samba-para-o-carnaval-2027-neste-domingo","status":"publish","type":"post","link":"https:\/\/roteiroscariocas.com.br\/index.php\/2026\/08\/31\/santa-marta-define-semifinalistas-do-samba-para-o-carnaval-2027-neste-domingo\/","title":{"rendered":"Santa Marta define semifinalistas do samba para o Carnaval 2027 neste domingo"},"content":{"rendered":"<p>A Mocidade Unida do Santa Marta entra na reta final para a escolha do seu hino oficial para o Carnaval 2027. Domingo, dia 6 de setembro, a quadra da agremia\u00e7\u00e3o ser\u00e1 palco da semifinal da disputa de samba-enredo, com in\u00edcio marcado para 13h. No carnaval 2027, a escola levar\u00e1 para a Avenida o enredo &#8220;Quando o Rei pisou no morro, a favela virou pop&#8221;.<\/p>\n<p>A programa\u00e7\u00e3o do evento contar\u00e1 com apresenta\u00e7\u00f5es de todos os segmentos da escola, roda de samba e almo\u00e7o para os integrantes e torcedores. Um dos destaques da tarde ser\u00e1 a participa\u00e7\u00e3o ativa da comunidade: a diretoria confirmou a realiza\u00e7\u00e3o do voto popular durante a semifinal, permitindo que os frequentadores escolham a obra que gostariam que representasse a agremia\u00e7\u00e3o no pr\u00f3ximo desfile.<\/p>\n<p>Quatro obras concorrentes seguem na disputa e se apresentam na busca por uma vaga na grande final:<\/p>\n<p>Parceria 1: Edinho de Boa, Fl\u00e1vio Capoeira, Bimba do Tavares Bastos e Luciano Paiz\u00e3o<\/p>\n<p>Parceria 2: Dalton Cunha, Daniel Guimar\u00e3es, Sidimar, Luiz Fernando (Nem), Thales Nunes, Hugo Oliveira, Breno Medeiros e Renan Uccelli<\/p>\n<p>Parceria 3: Henrique Santos, Bia Florindo, Paulinha Texeira, Ismael Pe\u00e7anha, Tales Fernando, Rog\u00e9rio M\u00e1ximo, Ricardo Bernardes e Renne Barbosa<\/p>\n<p>Parceria 4: Jone Rodrigues, Bas\u00edlio, Fio Cabral, Teo Dimeriti, Anderson Feife, Renatinho, Dinho Prateado e Pato Roco<\/p>\n<p>Servi\u00e7o:<\/p>\n<p>Evento: Semifinal da Disputa de Samba-Enredo, Mocidade Unida do Santa Marta<\/p>\n<p>Data: 6 de setembro<\/p>\n<p>Hor\u00e1rio: A partir das 13h<\/p>\n<p>Local: Quadra do G.R.E.S. Mocidade Unida do Santa Marta<\/p>\n<p>Entrada: Aberta \u00e0 comunidade e torcedores<\/p>\n<p>GARDEL ASSESSORIA<\/p>\n<p>Alex Sandro Gardel(21) 98807-0413<\/p>\n<figure class=\"wp-block-image size-large\"><img decoding=\"async\" src=\"https:\/\/roteiroscariocas.com.br\/wp-content\/uploads\/2026\/08\/santa-marta-define-semifinalistas-do-samba-para-o-carnaval-2027-neste-domingo-corpo1.jpg\" alt=\"Santa Marta define semifinalistas do samba para o Carnaval 2027 neste domingo\"\/><\/figure>\n<figure class=\"wp-block-image size-large\"><img decoding=\"async\" src=\"https:\/\/roteiroscariocas.com.br\/wp-content\/uploads\/2026\/08\/santa-marta-define-semifinalistas-do-samba-para-o-carnaval-2027-neste-domingo-corpo2.jpg\" alt=\"Santa Marta define semifinalistas do samba para o Carnaval 2027 neste domingo\"\/><\/figure>\n","protected":false},"excerpt":{"rendered":"<p>Com voto popular e feijoada na quadra, escola de Botafogo escolhe os finalistas que disputam o hino oficial<\/p>\n","protected":false},"author":1,"featured_media":22690,"comment_status":"","ping_status":"open","sticky":false,"template":"","format":"standard","meta":{"colormag_page_container_layout":"default_layout","colormag_page_sidebar_layout":"default_layout","ngg_post_thumbnail":0,"footnotes":""},"categories":[37,40],"tags":[],"class_list":["post-22697","post","type-post","status-publish","format-standard","has-post-thumbnail","hentry","category-especial","category-hot"],"_links":{"self":[{"href":"https:\/\/roteiroscariocas.com.br\/index.php\/wp-json\/wp\/v2\/posts\/22697","targetHints":{"allow":["GET"]}}],"collection":[{"href":"https:\/\/roteiroscariocas.com.br\/index.php\/wp-json\/wp\/v2\/posts"}],"about":[{"href":"https:\/\/roteiroscariocas.com.br\/index.php\/wp-json\/wp\/v2\/types\/post"}],"author":[{"embeddable":true,"href":"https:\/\/roteiroscariocas.com.br\/index.php\/wp-json\/wp\/v2\/users\/1"}],"replies":[{"embeddable":true,"href":"https:\/\/roteiroscariocas.com.br\/index.php\/wp-json\/wp\/v2\/comments?post=22697"}],"version-history":[{"count":0,"href":"https:\/\/roteiroscariocas.com.br\/index.php\/wp-json\/wp\/v2\/posts\/22697\/revisions"}],"wp:featuredmedia":[{"embeddable":true,"href":"https:\/\/roteiroscariocas.com.br\/index.php\/wp-json\/wp\/v2\/media\/22690"}],"wp:attachment":[{"href":"https:\/\/roteiroscariocas.com.br\/index.php\/wp-json\/wp\/v2\/media?parent=22697"}],"wp:term":[{"taxonomy":"category","embeddable":true,"href":"https:\/\/roteiroscariocas.com.br\/index.php\/wp-json\/wp\/v2\/categories?post=22697"},{"taxonomy":"post_tag","embeddable":true,"href":"https:\/\/roteiroscariocas.com.br\/index.php\/wp-json\/wp\/v2\/tags?post=22697"}],"curies":[{"name":"wp","href":"https:\/\/api.w.org\/{rel}","templated":true}]}}