{"id":22711,"date":"2026-08-31T10:19:57","date_gmt":"2026-08-31T13:19:57","guid":{"rendered":"https:\/\/roteiroscariocas.com.br\/index.php\/2026\/08\/31\/imperio-da-penha-escolhe-seu-samba-para-2027-com-festa-na-quadra-neste-sabado\/"},"modified":"2026-08-31T10:19:57","modified_gmt":"2026-08-31T13:19:57","slug":"imperio-da-penha-escolhe-seu-samba-para-2027-com-festa-na-quadra-neste-sabado","status":"publish","type":"post","link":"https:\/\/roteiroscariocas.com.br\/index.php\/2026\/08\/31\/imperio-da-penha-escolhe-seu-samba-para-2027-com-festa-na-quadra-neste-sabado\/","title":{"rendered":"Imp\u00e9rio da Penha escolhe seu samba para 2027 com festa na quadra neste s\u00e1bado"},"content":{"rendered":"<p>O Imp\u00e9rio da Penha j\u00e1 tem data marcada para conhecer o samba-enredo que ir\u00e1 embalar a escola no Carnaval 2027. No dia 5 de setembro, a partir das 15h, a agremia\u00e7\u00e3o promove, em sua quadra, a grande final da disputa de samba-enredo, em uma tarde especial que reunir\u00e1 a comunidade e celebrar\u00e1 a hist\u00f3ria do samba na regi\u00e3o da Leopoldina.<\/p>\n<p>A disputa contar\u00e1 com tr\u00eas sambas finalistas, que ser\u00e3o apresentados ao p\u00fablico e \u00e0 comunidade do Imp\u00e9rio da Penha. As obras concorrentes s\u00e3o assinadas pelas seguintes parcerias:<\/p>\n<p>SAMBA 01, Ney Mesquita, Anselmo Ramos e Julio Paulista<\/p>\n<p>SAMBA 02, Renan Akim, Juan Ramalho e Lu\u00eds Batista<\/p>\n<p>SAMBA 03, Professora Tania, Liane Harmonia, Celso Queiroz, Karina Cigarra, Arthur Gabriel, Ricardo Ferreira e Haru Oliveira<\/p>\n<p>Al\u00e9m da escolha do samba-enredo que representar\u00e1 a escola no pr\u00f3ximo Carnaval, o evento ser\u00e1 marcado por uma programa\u00e7\u00e3o especial em homenagem ao samba da Leopoldina, reunindo refer\u00eancias e celebra\u00e7\u00f5es \u00e0 tradi\u00e7\u00e3o das escolas e agremia\u00e7\u00f5es que ajudaram a construir a hist\u00f3ria cultural da regi\u00e3o.<\/p>\n<p>A Grande Final de Samba-Enredo Imp\u00e9rio da Penha 2027 acontece na Quadra da Escola, localizada na Avenida Br\u00e1s de Pina, 135, Penha, esquina com a Avenida Brasil, em frente ao BRT Lobo J\u00fanior.<\/p>\n<p>SERVI\u00c7O<br \/>Grande Final de Samba-Enredo, Imp\u00e9rio da Penha 2027<br \/>05 de setembro, 15h<br \/>Quadra do G.R.E.S. Imp\u00e9rio da Penha<br \/>Avenida Br\u00e1s de Pina, 135, Penha, Esquina com a Avenida Brasil, em frente ao BRT Lobo J\u00fanior<\/p>\n<figure class=\"wp-block-image size-large\"><img decoding=\"async\" src=\"https:\/\/roteiroscariocas.com.br\/wp-content\/uploads\/2026\/08\/imperio-da-penha-escolhe-seu-samba-para-2027-com-festa-na-quadra-neste-sabado-corpo1.jpg\" alt=\"Imp\u00e9rio da Penha escolhe seu samba para 2027 com festa na quadra neste s\u00e1bado\"\/><\/figure>\n<figure class=\"wp-block-image size-large\"><img decoding=\"async\" src=\"https:\/\/roteiroscariocas.com.br\/wp-content\/uploads\/2026\/08\/imperio-da-penha-escolhe-seu-samba-para-2027-com-festa-na-quadra-neste-sabado-corpo2.jpg\" alt=\"Imp\u00e9rio da Penha escolhe seu samba para 2027 com festa na quadra neste s\u00e1bado\"\/><\/figure>\n<figure class=\"wp-block-image size-large\"><img decoding=\"async\" src=\"https:\/\/roteiroscariocas.com.br\/wp-content\/uploads\/2026\/08\/imperio-da-penha-escolhe-seu-samba-para-2027-com-festa-na-quadra-neste-sabado-corpo3.jpg\" alt=\"Imp\u00e9rio da Penha escolhe seu samba para 2027 com festa na quadra neste s\u00e1bado\"\/><\/figure>\n<figure class=\"wp-block-image size-large\"><img decoding=\"async\" src=\"https:\/\/roteiroscariocas.com.br\/wp-content\/uploads\/2026\/08\/imperio-da-penha-escolhe-seu-samba-para-2027-com-festa-na-quadra-neste-sabado-corpo4.jpg\" alt=\"Imp\u00e9rio da Penha escolhe seu samba para 2027 com festa na quadra neste s\u00e1bado\"\/><\/figure>\n<figure class=\"wp-block-image size-large\"><img decoding=\"async\" src=\"https:\/\/roteiroscariocas.com.br\/wp-content\/uploads\/2026\/08\/imperio-da-penha-escolhe-seu-samba-para-2027-com-festa-na-quadra-neste-sabado-corpo5.jpg\" alt=\"Imp\u00e9rio da Penha escolhe seu samba para 2027 com festa na quadra neste s\u00e1bado\"\/><\/figure>\n","protected":false},"excerpt":{"rendered":"<p>Final\u00edssima ter\u00e1 tr\u00eas parcerias na disputa e uma grande homenagem \u00e0 tradi\u00e7\u00e3o do samba na regi\u00e3o da Leopoldina<\/p>\n","protected":false},"author":1,"featured_media":22698,"comment_status":"","ping_status":"open","sticky":false,"template":"","format":"standard","meta":{"colormag_page_container_layout":"default_layout","colormag_page_sidebar_layout":"default_layout","ngg_post_thumbnail":0,"footnotes":""},"categories":[34],"tags":[],"class_list":["post-22711","post","type-post","status-publish","format-standard","has-post-thumbnail","hentry","category-noticias"],"_links":{"self":[{"href":"https:\/\/roteiroscariocas.com.br\/index.php\/wp-json\/wp\/v2\/posts\/22711","targetHints":{"allow":["GET"]}}],"collection":[{"href":"https:\/\/roteiroscariocas.com.br\/index.php\/wp-json\/wp\/v2\/posts"}],"about":[{"href":"https:\/\/roteiroscariocas.com.br\/index.php\/wp-json\/wp\/v2\/types\/post"}],"author":[{"embeddable":true,"href":"https:\/\/roteiroscariocas.com.br\/index.php\/wp-json\/wp\/v2\/users\/1"}],"replies":[{"embeddable":true,"href":"https:\/\/roteiroscariocas.com.br\/index.php\/wp-json\/wp\/v2\/comments?post=22711"}],"version-history":[{"count":0,"href":"https:\/\/roteiroscariocas.com.br\/index.php\/wp-json\/wp\/v2\/posts\/22711\/revisions"}],"wp:featuredmedia":[{"embeddable":true,"href":"https:\/\/roteiroscariocas.com.br\/index.php\/wp-json\/wp\/v2\/media\/22698"}],"wp:attachment":[{"href":"https:\/\/roteiroscariocas.com.br\/index.php\/wp-json\/wp\/v2\/media?parent=22711"}],"wp:term":[{"taxonomy":"category","embeddable":true,"href":"https:\/\/roteiroscariocas.com.br\/index.php\/wp-json\/wp\/v2\/categories?post=22711"},{"taxonomy":"post_tag","embeddable":true,"href":"https:\/\/roteiroscariocas.com.br\/index.php\/wp-json\/wp\/v2\/tags?post=22711"}],"curies":[{"name":"wp","href":"https:\/\/api.w.org\/{rel}","templated":true}]}}