{"id":22716,"date":"2026-08-31T09:56:18","date_gmt":"2026-08-31T12:56:18","guid":{"rendered":"https:\/\/roteiroscariocas.com.br\/index.php\/2026\/08\/31\/moises-santiago-assume-a-direcao-musical-da-academicos-de-niteroi\/"},"modified":"2026-08-31T09:56:18","modified_gmt":"2026-08-31T12:56:18","slug":"moises-santiago-assume-a-direcao-musical-da-academicos-de-niteroi","status":"publish","type":"post","link":"https:\/\/roteiroscariocas.com.br\/index.php\/2026\/08\/31\/moises-santiago-assume-a-direcao-musical-da-academicos-de-niteroi\/","title":{"rendered":"Mois\u00e9s Santiago assume a dire\u00e7\u00e3o musical da Acad\u00eamicos de Niter\u00f3i"},"content":{"rendered":"<p>A Acad\u00eamicos de Niter\u00f3i anuncia o sambista, cantor e compositor Mois\u00e9s Santiago como seu novo Diretor Musical. Com uma trajet\u00f3ria consolidada no samba e no carnaval, o profissional chega \u00e0 escola com a miss\u00e3o de fortalecer o trabalho musical e contribuir para um desfile de excel\u00eancia.<\/p>\n<p>Criado em Del Castilho, na Zona Norte do Rio, Mois\u00e9s Santiago \u00e9 um dos grandes nomes ligados ao Cacique de Ramos e \u00e0s tradicionais rodas de samba cariocas. Como compositor, tem m\u00fasicas gravadas por artistas como Beth Carvalho, Fundo de Quintal, Almir Guineto, Arlindo Cruz, Neguinho da Beija-Flor, Dudu Nobre, P\u00e9ricles e Xande de Pilares, al\u00e9m dos grupos Revela\u00e7\u00e3o, Ra\u00e7a e Pique Novo.<\/p>\n<p>No carnaval, acumula importantes conquistas como compositor de sambas-enredo. \u00c9 tricampe\u00e3o no Salgueiro, bicampe\u00e3o na Imperatriz Leopoldinense e possui sambas vitoriosos em agremia\u00e7\u00f5es do Rio de Janeiro, S\u00e3o Paulo e Rio Grande do Sul.<\/p>\n<p>Mois\u00e9s tamb\u00e9m re\u00fane ampla experi\u00eancia na dire\u00e7\u00e3o musical. Foi Diretor Musical da Nen\u00ea de Vila Matilde, em S\u00e3o Paulo, atuou na equipe de Interdesfile e comandou a dire\u00e7\u00e3o musical de Os Rouxin\u00f3is, de Uruguaiana. Atualmente, tamb\u00e9m atua como compositor e diretor musical da Canto da Alvorada, de Belo Horizonte.<\/p>\n<p>Al\u00e9m do carnaval, possui carreira dedicada ao samba, com o \u00e1lbum \u201cEu Sou do Samba\u201d, que contou com produ\u00e7\u00e3o e dire\u00e7\u00e3o musical de Dudu Nobre e arranjos e reg\u00eancia do maestro Rildo Hora, al\u00e9m de um trabalho audiovisual com participa\u00e7\u00f5es de grandes nomes do g\u00eanero.<\/p>\n<p>Na Acad\u00eamicos de Niter\u00f3i, Mois\u00e9s chega motivado a construir uma rela\u00e7\u00e3o de parceria com a diretoria, o carro de som e a comunidade. \u201cA expectativa \u00e9 conseguir uma excelente conviv\u00eancia com toda a diretoria, carro de som e comunidade. Que a confian\u00e7a em mim depositada, eu transforme em trabalho digno, para realizarmos um desfile capaz de obter a pontua\u00e7\u00e3o m\u00e1xima no nosso quesito e, assim, somar com as pretens\u00f5es de ascens\u00e3o ao Grupo Especial.\u201d<\/p>\n","protected":false},"excerpt":{"rendered":"<p>Compositor consagrado e cria do Cacique de Ramos chega para refor\u00e7ar o carro de som da azul e branca<\/p>\n","protected":false},"author":1,"featured_media":22712,"comment_status":"","ping_status":"open","sticky":false,"template":"","format":"standard","meta":{"colormag_page_container_layout":"default_layout","colormag_page_sidebar_layout":"default_layout","ngg_post_thumbnail":0,"footnotes":""},"categories":[38],"tags":[],"class_list":["post-22716","post","type-post","status-publish","format-standard","has-post-thumbnail","hentry","category-ouro"],"_links":{"self":[{"href":"https:\/\/roteiroscariocas.com.br\/index.php\/wp-json\/wp\/v2\/posts\/22716","targetHints":{"allow":["GET"]}}],"collection":[{"href":"https:\/\/roteiroscariocas.com.br\/index.php\/wp-json\/wp\/v2\/posts"}],"about":[{"href":"https:\/\/roteiroscariocas.com.br\/index.php\/wp-json\/wp\/v2\/types\/post"}],"author":[{"embeddable":true,"href":"https:\/\/roteiroscariocas.com.br\/index.php\/wp-json\/wp\/v2\/users\/1"}],"replies":[{"embeddable":true,"href":"https:\/\/roteiroscariocas.com.br\/index.php\/wp-json\/wp\/v2\/comments?post=22716"}],"version-history":[{"count":0,"href":"https:\/\/roteiroscariocas.com.br\/index.php\/wp-json\/wp\/v2\/posts\/22716\/revisions"}],"wp:featuredmedia":[{"embeddable":true,"href":"https:\/\/roteiroscariocas.com.br\/index.php\/wp-json\/wp\/v2\/media\/22712"}],"wp:attachment":[{"href":"https:\/\/roteiroscariocas.com.br\/index.php\/wp-json\/wp\/v2\/media?parent=22716"}],"wp:term":[{"taxonomy":"category","embeddable":true,"href":"https:\/\/roteiroscariocas.com.br\/index.php\/wp-json\/wp\/v2\/categories?post=22716"},{"taxonomy":"post_tag","embeddable":true,"href":"https:\/\/roteiroscariocas.com.br\/index.php\/wp-json\/wp\/v2\/tags?post=22716"}],"curies":[{"name":"wp","href":"https:\/\/api.w.org\/{rel}","templated":true}]}}