{"id":22720,"date":"2026-08-31T08:37:10","date_gmt":"2026-08-31T11:37:10","guid":{"rendered":"https:\/\/roteiroscariocas.com.br\/index.php\/2026\/08\/31\/inocentes-de-belford-roxo-lanca-samba-e-foca-no-retorno-ao-grupo-especial\/"},"modified":"2026-08-31T08:37:10","modified_gmt":"2026-08-31T11:37:10","slug":"inocentes-de-belford-roxo-lanca-samba-e-foca-no-retorno-ao-grupo-especial","status":"publish","type":"post","link":"https:\/\/roteiroscariocas.com.br\/index.php\/2026\/08\/31\/inocentes-de-belford-roxo-lanca-samba-e-foca-no-retorno-ao-grupo-especial\/","title":{"rendered":"Inocentes de Belford Roxo lan\u00e7a samba e foca no retorno ao Grupo Especial"},"content":{"rendered":"<p>A Inocentes de Belford Roxo deu o pontap\u00e9 inicial rumo ao Carnaval 2027 com uma grande festa em sua quadra para apresentar o samba-enredo que vai embalar seu pr\u00f3ximo desfile. Deixando para tr\u00e1s o resultado amargo do \u00faltimo ano, a diretoria da agremia\u00e7\u00e3o decidiu recalcular a rota e apostar em um projeto totalmente renovado. A prepara\u00e7\u00e3o incluiu at\u00e9 uma mudan\u00e7a de enredo de \u00faltima hora para viabilizar novas parcerias, fazendo com que o carnavalesco Wagner Gon\u00e7alves arquivasse temporariamente um tema sobre o artista Carib\u00e9 para se jogar de cabe\u00e7a em uma nova proposta, desenvolvida com um samba encomendado aos compositores Claudio Russo e Gusttavo Clar\u00e3o.<\/p>\n<p>A promessa para o pr\u00f3ximo desfile \u00e9 de uma escola imponente e com muita garra na Marqu\u00eas de Sapuca\u00ed. O microfone oficial agora fica sob o comando do int\u00e9rprete Charles Silva, que retorna \u00e0 agremia\u00e7\u00e3o com a miss\u00e3o de liderar o canto ao lado da bateria de mestre Washington Paz, que j\u00e1 estuda bossas in\u00e9ditas para o novo tema. Com o barrac\u00e3o come\u00e7ando os trabalhos a todo vapor e os ensaios de comunidade agendados para come\u00e7ar em setembro, a ca\u00e7ulinha da Baixada n\u00e3o esconde a ambi\u00e7\u00e3o de brigar pelo topo da S\u00e9rie Ouro e carimbar o passaporte de volta \u00e0 elite do samba carioca.<\/p>\n","protected":false},"excerpt":{"rendered":"<p>Com direito a mudan\u00e7a de enredo de \u00faltima hora e nova voz no microfone oficial, a ca\u00e7ulinha da Baixada quer sacudir a Sapuca\u00ed<\/p>\n","protected":false},"author":1,"featured_media":22719,"comment_status":"","ping_status":"open","sticky":false,"template":"","format":"standard","meta":{"colormag_page_container_layout":"default_layout","colormag_page_sidebar_layout":"default_layout","ngg_post_thumbnail":0,"footnotes":""},"categories":[38],"tags":[],"class_list":["post-22720","post","type-post","status-publish","format-standard","has-post-thumbnail","hentry","category-ouro"],"_links":{"self":[{"href":"https:\/\/roteiroscariocas.com.br\/index.php\/wp-json\/wp\/v2\/posts\/22720","targetHints":{"allow":["GET"]}}],"collection":[{"href":"https:\/\/roteiroscariocas.com.br\/index.php\/wp-json\/wp\/v2\/posts"}],"about":[{"href":"https:\/\/roteiroscariocas.com.br\/index.php\/wp-json\/wp\/v2\/types\/post"}],"author":[{"embeddable":true,"href":"https:\/\/roteiroscariocas.com.br\/index.php\/wp-json\/wp\/v2\/users\/1"}],"replies":[{"embeddable":true,"href":"https:\/\/roteiroscariocas.com.br\/index.php\/wp-json\/wp\/v2\/comments?post=22720"}],"version-history":[{"count":0,"href":"https:\/\/roteiroscariocas.com.br\/index.php\/wp-json\/wp\/v2\/posts\/22720\/revisions"}],"wp:featuredmedia":[{"embeddable":true,"href":"https:\/\/roteiroscariocas.com.br\/index.php\/wp-json\/wp\/v2\/media\/22719"}],"wp:attachment":[{"href":"https:\/\/roteiroscariocas.com.br\/index.php\/wp-json\/wp\/v2\/media?parent=22720"}],"wp:term":[{"taxonomy":"category","embeddable":true,"href":"https:\/\/roteiroscariocas.com.br\/index.php\/wp-json\/wp\/v2\/categories?post=22720"},{"taxonomy":"post_tag","embeddable":true,"href":"https:\/\/roteiroscariocas.com.br\/index.php\/wp-json\/wp\/v2\/tags?post=22720"}],"curies":[{"name":"wp","href":"https:\/\/api.w.org\/{rel}","templated":true}]}}