{"id":22740,"date":"2026-09-01T15:37:06","date_gmt":"2026-09-01T18:37:06","guid":{"rendered":"https:\/\/roteiroscariocas.com.br\/index.php\/2026\/09\/01\/vila-isabel-recebe-visita-da-cupula-do-miss-universo-em-seu-barracao\/"},"modified":"2026-09-01T15:37:06","modified_gmt":"2026-09-01T18:37:06","slug":"vila-isabel-recebe-visita-da-cupula-do-miss-universo-em-seu-barracao","status":"publish","type":"post","link":"https:\/\/roteiroscariocas.com.br\/index.php\/2026\/09\/01\/vila-isabel-recebe-visita-da-cupula-do-miss-universo-em-seu-barracao\/","title":{"rendered":"Vila Isabel recebe visita da c\u00fapula do Miss Universo em seu barrac\u00e3o"},"content":{"rendered":"<p>A Unidos de Vila Isabel recebeu, nesta ter\u00e7a-feira (1) A Miss Universe Brasil, Marcela Kozinski, e a CEO do Miss Universe Brasil, Olivia Quido, estiveram na escola para conhecer de perto o trabalho desenvolvido pela agremia\u00e7\u00e3o para o Carnaval 2027.<\/p>\n<p>Durante a visita guiada, o grupo conheceu as diferentes etapas de prepara\u00e7\u00e3o do desfile e os detalhes do projeto que a Vila Isabel levar\u00e1 \u00e0 Marqu\u00eas de Sapuca\u00ed no pr\u00f3ximo Carnaval, com o enredo \u201cTorto Arado: Sobre a terra h\u00e1 de viver sempre o mais forte\u201d, inspirado na obra de Itamar Vieira Junior. Enredo desenvolvido pelos carnavalescos Gabriel Haddad e Leonardo Bora, em parceria com o pesquisador Vinicius Natal.<\/p>\n<p>Para Olivia Quido, a experi\u00eancia proporcionou um contato especial com a cultura do samba e com o trabalho realizado nos bastidores do Carnaval carioca.<\/p>\n<p>\u201cEstou muito inspirada pelo trabalho artesanal e tamb\u00e9m pela dedica\u00e7\u00e3o e pelo trabalho duro deles em organizar um grande evento todos os anos. Estou muito animada porque esta \u00e9 a minha primeira vez vendo um evento de samba. Estou muito feliz e realmente muito aben\u00e7oada por ter vivido essa experi\u00eancia e visitado a Unidos de Vila Isabel.\u201d, afirmou Olivia.<\/p>\n<p>Marcela Kozinski tamb\u00e9m se mostrou encantada com o que encontrou no barrac\u00e3o e adiantou que o p\u00fablico pode esperar grandes surpresas da escola para 2027.<\/p>\n<p>\u201cVisitei a Unidos de Vila Isabel e est\u00e1 maravilhoso. J\u00e1 vi alguns spoilers do show do ano que vem e voc\u00eas podem esperar tudo, porque est\u00e1 maravilhoso\u201d, contou a Miss Universe Brasil.<\/p>\n<figure class=\"wp-block-image size-large\"><img decoding=\"async\" src=\"https:\/\/roteiroscariocas.com.br\/wp-content\/uploads\/2026\/09\/vila-isabel-recebe-visita-da-cupula-do-miss-universo-em-seu-barracao-corpo1.jpg\" alt=\"Vila Isabel recebe visita da c\u00fapula do Miss Universo em seu barrac\u00e3o\"\/><\/figure>\n<figure class=\"wp-block-image size-large\"><img decoding=\"async\" src=\"https:\/\/roteiroscariocas.com.br\/wp-content\/uploads\/2026\/09\/vila-isabel-recebe-visita-da-cupula-do-miss-universo-em-seu-barracao-corpo2.jpg\" alt=\"Vila Isabel recebe visita da c\u00fapula do Miss Universo em seu barrac\u00e3o\"\/><\/figure>\n<figure class=\"wp-block-image size-large\"><img decoding=\"async\" src=\"https:\/\/roteiroscariocas.com.br\/wp-content\/uploads\/2026\/09\/vila-isabel-recebe-visita-da-cupula-do-miss-universo-em-seu-barracao-corpo3.jpg\" alt=\"Vila Isabel recebe visita da c\u00fapula do Miss Universo em seu barrac\u00e3o\"\/><\/figure>\n","protected":false},"excerpt":{"rendered":"<p>Miss Universe Brasil e a CEO do concurso internacional conheceram os bastidores do enredo sobre Torto Arado<\/p>\n","protected":false},"author":1,"featured_media":22731,"comment_status":"","ping_status":"open","sticky":false,"template":"","format":"standard","meta":{"colormag_page_container_layout":"default_layout","colormag_page_sidebar_layout":"default_layout","ngg_post_thumbnail":0,"footnotes":""},"categories":[37,40],"tags":[],"class_list":["post-22740","post","type-post","status-publish","format-standard","has-post-thumbnail","hentry","category-especial","category-hot"],"_links":{"self":[{"href":"https:\/\/roteiroscariocas.com.br\/index.php\/wp-json\/wp\/v2\/posts\/22740","targetHints":{"allow":["GET"]}}],"collection":[{"href":"https:\/\/roteiroscariocas.com.br\/index.php\/wp-json\/wp\/v2\/posts"}],"about":[{"href":"https:\/\/roteiroscariocas.com.br\/index.php\/wp-json\/wp\/v2\/types\/post"}],"author":[{"embeddable":true,"href":"https:\/\/roteiroscariocas.com.br\/index.php\/wp-json\/wp\/v2\/users\/1"}],"replies":[{"embeddable":true,"href":"https:\/\/roteiroscariocas.com.br\/index.php\/wp-json\/wp\/v2\/comments?post=22740"}],"version-history":[{"count":0,"href":"https:\/\/roteiroscariocas.com.br\/index.php\/wp-json\/wp\/v2\/posts\/22740\/revisions"}],"wp:featuredmedia":[{"embeddable":true,"href":"https:\/\/roteiroscariocas.com.br\/index.php\/wp-json\/wp\/v2\/media\/22731"}],"wp:attachment":[{"href":"https:\/\/roteiroscariocas.com.br\/index.php\/wp-json\/wp\/v2\/media?parent=22740"}],"wp:term":[{"taxonomy":"category","embeddable":true,"href":"https:\/\/roteiroscariocas.com.br\/index.php\/wp-json\/wp\/v2\/categories?post=22740"},{"taxonomy":"post_tag","embeddable":true,"href":"https:\/\/roteiroscariocas.com.br\/index.php\/wp-json\/wp\/v2\/tags?post=22740"}],"curies":[{"name":"wp","href":"https:\/\/api.w.org\/{rel}","templated":true}]}}