{"id":22750,"date":"2026-09-01T14:18:42","date_gmt":"2026-09-01T17:18:42","guid":{"rendered":"https:\/\/roteiroscariocas.com.br\/index.php\/2026\/09\/01\/cria-do-samba-e-da-imprensa-monique-freitas-leva-o-premio-mulher-negra-2026\/"},"modified":"2026-09-01T14:18:42","modified_gmt":"2026-09-01T17:18:42","slug":"cria-do-samba-e-da-imprensa-monique-freitas-leva-o-premio-mulher-negra-2026","status":"publish","type":"post","link":"https:\/\/roteiroscariocas.com.br\/index.php\/2026\/09\/01\/cria-do-samba-e-da-imprensa-monique-freitas-leva-o-premio-mulher-negra-2026\/","title":{"rendered":"Cria do samba e da imprensa, Monique Freitas leva o Pr\u00eamio Mulher Negra 2026"},"content":{"rendered":"<p>Ol\u00e1, caros colegas!<\/p>\n<p>Tudo bem?<\/p>\n<p>Segue uma sugest\u00e3o de pauta.<\/p>\n<p>Caso haja espa\u00e7o para publica\u00e7\u00e3o, agradecemos se puderem enviar o link para clipping.<\/p>\n<p>Tamb\u00e9m estamos abertos a collabs nas redes sociais.<\/p>\n<p>Colab: @moniquefreitasofc<\/p>\n<p>Marcar @mfassessoriaecomunicacao<\/p>\n<p>&#8212;&#8212;&#8212;&#8212;&#8212;&#8212;&#8212;&#8212;&#8212;&#8212;&#8212;&#8212;&#8212;&#8212;&#8212;&#8212;&#8212;&#8212;&#8212;&#8212;&#8211;<\/p>\n<p>*Monique Freitas \u00e9 homenageada com o Pr\u00eamio Mulher Negra 2026*<\/p>\n<p>*A noite desta segunda-feira (31) foi de reconhecimento para A profissional que atua na imprensa carnavalesca. *<\/p>\n<p>*Ela que tamb\u00e9m integra o segmento de passistas do GRES Em Cima da Hora e do GRES Feiti\u00e7o Carioca,foi uma das homenageadas pelo Coletivo J\u00fanior Lima com o Pr\u00eamio Mulher Negra 2026. No Campus IFRJ de Nil\u00f3polis*<\/p>\n<p>A homenagem reconhece uma trajet\u00f3ria constru\u00edda dentro do Carnaval em diferentes frentes. Na imprensa, Monique atua na cobertura e divulga\u00e7\u00e3o do samba, acompanhando escolas, eventos, profissionais e os diversos segmentos que mant\u00eam a cultura carnavalesca viva durante todo o ano.<\/p>\n<p>Como passista, tamb\u00e9m vivencia o Carnaval diretamente na quadra e na avenida, experi\u00eancia que amplia seu olhar sobre a cultura que ajuda a comunicar.<\/p>\n<p>Conciliar a rotina profissional com a vida pessoal tamb\u00e9m faz parte dessa caminhada. M\u00e3e, esposa, profissional da imprensa e passista, Monique representa tantas mulheres que encontram no Carnaval espa\u00e7o para trabalhar, construir hist\u00f3rias e ocupar novos lugares.<\/p>\n<p>Mais do que um reconhecimento individual, o Pr\u00eamio Mulher Negra 2026 tamb\u00e9m evidencia a import\u00e2ncia da presen\u00e7a feminina e negra na imprensa carnavalesca e nos diferentes espa\u00e7os do samba.<\/p>\n<p>Para Monique, a homenagem representa um incentivo para continuar trabalhando, ocupando espa\u00e7os e contribuindo para que as hist\u00f3rias do Carnaval tenham cada vez mais visibilidade.<\/p>\n<p>*MF Assessoria e Comunica\u00e7\u00e3o.*<\/p>\n<p>*Juarez Souza(21) 99949-9137*<\/p>\n<figure class=\"wp-block-image size-large\"><img decoding=\"async\" src=\"https:\/\/roteiroscariocas.com.br\/wp-content\/uploads\/2026\/09\/cria-do-samba-e-da-imprensa-monique-freitas-leva-o-premio-mulher-negra-2026-corpo1.jpg\" alt=\"Cria do samba e da imprensa, Monique Freitas leva o Pr\u00eamio Mulher Negra 2026\"\/><\/figure>\n<figure class=\"wp-block-image size-large\"><img decoding=\"async\" src=\"https:\/\/roteiroscariocas.com.br\/wp-content\/uploads\/2026\/09\/cria-do-samba-e-da-imprensa-monique-freitas-leva-o-premio-mulher-negra-2026-corpo2.jpg\" alt=\"Cria do samba e da imprensa, Monique Freitas leva o Pr\u00eamio Mulher Negra 2026\"\/><\/figure>\n<figure class=\"wp-block-image size-large\"><img decoding=\"async\" src=\"https:\/\/roteiroscariocas.com.br\/wp-content\/uploads\/2026\/09\/cria-do-samba-e-da-imprensa-monique-freitas-leva-o-premio-mulher-negra-2026-corpo3.jpg\" alt=\"Cria do samba e da imprensa, Monique Freitas leva o Pr\u00eamio Mulher Negra 2026\"\/><\/figure>\n","protected":false},"excerpt":{"rendered":"<p>Passista da Em Cima da Hora e do Feiti\u00e7o Carioca foi homenageada por sua trajet\u00f3ria dupla no Carnaval do Rio<\/p>\n","protected":false},"author":1,"featured_media":22741,"comment_status":"","ping_status":"open","sticky":false,"template":"","format":"standard","meta":{"colormag_page_container_layout":"default_layout","colormag_page_sidebar_layout":"default_layout","ngg_post_thumbnail":0,"footnotes":""},"categories":[38],"tags":[],"class_list":["post-22750","post","type-post","status-publish","format-standard","has-post-thumbnail","hentry","category-ouro"],"_links":{"self":[{"href":"https:\/\/roteiroscariocas.com.br\/index.php\/wp-json\/wp\/v2\/posts\/22750","targetHints":{"allow":["GET"]}}],"collection":[{"href":"https:\/\/roteiroscariocas.com.br\/index.php\/wp-json\/wp\/v2\/posts"}],"about":[{"href":"https:\/\/roteiroscariocas.com.br\/index.php\/wp-json\/wp\/v2\/types\/post"}],"author":[{"embeddable":true,"href":"https:\/\/roteiroscariocas.com.br\/index.php\/wp-json\/wp\/v2\/users\/1"}],"replies":[{"embeddable":true,"href":"https:\/\/roteiroscariocas.com.br\/index.php\/wp-json\/wp\/v2\/comments?post=22750"}],"version-history":[{"count":0,"href":"https:\/\/roteiroscariocas.com.br\/index.php\/wp-json\/wp\/v2\/posts\/22750\/revisions"}],"wp:featuredmedia":[{"embeddable":true,"href":"https:\/\/roteiroscariocas.com.br\/index.php\/wp-json\/wp\/v2\/media\/22741"}],"wp:attachment":[{"href":"https:\/\/roteiroscariocas.com.br\/index.php\/wp-json\/wp\/v2\/media?parent=22750"}],"wp:term":[{"taxonomy":"category","embeddable":true,"href":"https:\/\/roteiroscariocas.com.br\/index.php\/wp-json\/wp\/v2\/categories?post=22750"},{"taxonomy":"post_tag","embeddable":true,"href":"https:\/\/roteiroscariocas.com.br\/index.php\/wp-json\/wp\/v2\/tags?post=22750"}],"curies":[{"name":"wp","href":"https:\/\/api.w.org\/{rel}","templated":true}]}}