{"id":22758,"date":"2026-09-01T13:09:45","date_gmt":"2026-09-01T16:09:45","guid":{"rendered":"https:\/\/roteiroscariocas.com.br\/index.php\/2026\/09\/01\/flora-cruz-comanda-homenagem-a-arlindo-cruz-no-casarao-do-firmino-neste-domingo\/"},"modified":"2026-09-01T13:09:45","modified_gmt":"2026-09-01T16:09:45","slug":"flora-cruz-comanda-homenagem-a-arlindo-cruz-no-casarao-do-firmino-neste-domingo","status":"publish","type":"post","link":"https:\/\/roteiroscariocas.com.br\/index.php\/2026\/09\/01\/flora-cruz-comanda-homenagem-a-arlindo-cruz-no-casarao-do-firmino-neste-domingo\/","title":{"rendered":"Flora Cruz comanda homenagem a Arlindo Cruz no Casar\u00e3o do Firmino neste domingo"},"content":{"rendered":"<p>Ol\u00e1, tudo bem? Espero que sim!<\/p>\n<p>Segue uma sugest\u00e3o de pauta para indica\u00e7\u00e3o de lazer, cultura e entretenimento, no feriad\u00e3o da Independ\u00eancia do Brasil no Rio. O Casar\u00e3o do Firmino, na Lapa, receber\u00e1 o evento &#8220;Para Declarar Minha Saudade&#8221;, em homenagem ao maior compositor e instrumentista do samba e pagode brasileiro. Conseguimos um espa\u00e7o em seus ve\u00edculos, por favor?<\/p>\n<p>Caso queiram fazer presente no dia do evento para entrevistas, estamos \u00e0 disposi\u00e7\u00e3o<\/p>\n<p>Cr\u00e9dito da foto: &#8220;divulga\u00e7\u00e3o&#8221;<\/p>\n<p>Assessoria de imprensa<br \/>Enildo Viola (2197042-3109)<\/p>\n<p>&#8212;&#8212;&#8212;&#8212;&#8212;&#8212;&#8212;&#8212;&#8212;&#8212;&#8212;&#8212;&#8212;-<\/p>\n<p>Flora Cruz faz evento em homenagem ao pai, Arlindo Cruz, no Casar\u00e3o do Firmino no pr\u00f3ximo domingo dia 06, v\u00e9spera de feriado<\/p>\n<p>\u201cPra Declarar Minha Saudade\u201d, ser\u00e1 um momento de reencontro com o melhor pai do mundo. Uma roda de samba, onde s\u00f3 vale Arlindo.<\/p>\n<p>Reconhecido por preservar a mem\u00f3ria do samba e resgatar a ess\u00eancia das tradicionais rodas de partido alto, o Casar\u00e3o do Firmino abre suas portas na v\u00e9spera de feriado da Independ\u00eancia do Brasil para uma grande homenagem a Arlindo Cruz. No domingo, 6 de setembro, a partir das 17h, o \u201cPal\u00e1cio do Samba\u201d, na Lapa, recebe o projeto \u201cPara Declarar Minha Saudade\u201d, com entrada colaborativa, chopp liberado at\u00e9 \u00e0s 18:30 e a Dj Nicolle Neumann nos intervalos.<\/p>\n<p>Idealizado por Flora Cruz (filha do Arlindo), que tamb\u00e9m ser\u00e1 a mestre de cerim\u00f4nias da noite, o evento promete emocionar o p\u00fablico ao revisitar algumas das composi\u00e7\u00f5es mais ic\u00f4nicas e marcantes de Arlindo Cruz. A programa\u00e7\u00e3o contar\u00e1 ainda com convidados especiais, como: Babi Cruz, Cleber Augusto, Marcelinho Moreira e um convidado surpresa, que subir\u00e3o ao palco para celebrar a obra e o legado deixados pelo sambista.<\/p>\n<p>Falecido em 8 de agosto de 2025, Arlindo Cruz marcou gera\u00e7\u00f5es e eternizou seu nome na m\u00fasica brasileira por meio de letras, melodias e versos que se transformaram em verdadeiros cl\u00e1ssicos do samba. A homenagem no Casar\u00e3o do Firmino percorrer\u00e1 diferentes momentos de sua trajet\u00f3ria, desde os tempos de Fundo de Quintal, passando pela parceria com Sombrinha e pela carreira solo, al\u00e9m dos sambas-enredo de sua autoria que marcaram desfiles do Imp\u00e9rio Serrano, sua escola do cora\u00e7\u00e3o, na Marqu\u00eas de Sapuca\u00ed.<\/p>\n<p>Quem foi Arlindo Cruz<\/p>\n<p>Nascido em 14 de setembro de 1958, Arlindo Cruz morreu aos 66 anos, ap\u00f3s enfrentar durante anos as complica\u00e7\u00f5es decorrentes de um Acidente Vascular Cerebral (AVC) sofrido em 2017. Cantor, compositor e instrumentista, tornou-se um dos nomes mais importantes da hist\u00f3ria do samba e do pagode brasileiro.<\/p>\n<p>Arlindo iniciou sua trajet\u00f3ria no Fundo de Quintal em 1981 e permaneceu no grupo por 12 anos. Durante esse per\u00edodo, ajudou a consolidar uma nova sonoridade para o samba e se destacou tamb\u00e9m pelo uso do banjo nas rodas e grava\u00e7\u00f5es do g\u00eanero.<\/p>\n<p>Ap\u00f3s deixar o grupo, formou uma bem-sucedida parceria musical com Sombrinha, tamb\u00e9m ligado ao hist\u00f3rico Cacique de Ramos. Juntos, lan\u00e7aram cinco discos e emplacaram trabalhos marcantes, como \u201cSamba \u00e9 a Nossa Cara\u201d (1997) e \u201cAo Vivo\u201d (2000).<\/p>\n<p>Posteriormente, Arlindo Cruz seguiu carreira solo, per\u00edodo em que ampliou ainda mais sua proje\u00e7\u00e3o nacional e se consolidou como uma das principais refer\u00eancias do samba brasileiro. Entre os in\u00fameros sucessos que fazem parte de seu repert\u00f3rio est\u00e3o \u201cMeu Lugar\u201d, \u201cO Bem\u201d e \u201cO Show Tem que Continuar\u201d, al\u00e9m de diversas outras composi\u00e7\u00f5es eternizadas nas vozes de grandes int\u00e9rpretes da m\u00fasica brasileira.<\/p>\n<p>Sobre o Casar\u00e3o do Firmino<\/p>\n<p>Conhecido popularmente como o \u201cPal\u00e1cio do Samba\u201d, o Casar\u00e3o do Firmino est\u00e1 localizado na Lapa, um dos principais ber\u00e7os da boemia carioca. O espa\u00e7o se tornou refer\u00eancia pelas tradicionais rodas de samba que re\u00fanem grandes nomes do cen\u00e1rio musical, p\u00fablico de diferentes regi\u00f5es do Rio de Janeiro e turistas brasileiros e estrangeiros.<\/p>\n<p>Idealizado pelo empres\u00e1rio Carlos Firmino, que d\u00e1 nome ao espa\u00e7o cultural, o Casar\u00e3o ocupa uma ampla \u00e1rea coberta e de f\u00e1cil acesso, em meio \u00e0 efervesc\u00eancia cultural do Centro do Rio. Mais do que uma casa de samba, o espa\u00e7o tamb\u00e9m se consolidou como s\u00edmbolo de resist\u00eancia e valoriza\u00e7\u00e3o da cultura popular.<\/p>\n<p>Os eventos realizados no local buscam resgatar a ess\u00eancia das tradicionais rodas de samba, muitas vezes com entradas gratuitas ou colaborativas, nas quais cada frequentador contribui espontaneamente. A proposta \u00e9 democratizar o acesso e manter vivo um dos ritmos mais importantes da identidade cultural brasileira.<\/p>\n<p>\u201cAmarra a marimba e espalha a fofoca!\u201d O bord\u00e3o criado por Carlos Firmino para divulgar as atra\u00e7\u00f5es do Casar\u00e3o j\u00e1 virou marca registrada. A express\u00e3o \u00e9 repetida por artistas e frequentadores ass\u00edduos do espa\u00e7o, que se tornou um dos pontos mais concorridos da boemia da Lapa.<\/p>\n<p>E n\u00e3o foi apenas a frase que ganhou fama. As filas que se estendem pela Rua da Rela\u00e7\u00e3o e chegam \u00e0 esquina com a Rua do Lavradio refor\u00e7am a popularidade do \u201cPal\u00e1cio do Samba\u201d como ponto de encontro de cariocas e turistas.<\/p>\n<p>No estacionamento decorado com samambaias, l\u00e2mpadas, placas e pinturas que celebram orix\u00e1s e homenageiam personalidades como Nelson Mandela, \u00e9 cada vez mais comum encontrar atores, atrizes, jornalistas, influenciadores digitais e grandes nomes da m\u00fasica. Jorge Arag\u00e3o, Moacyr Luz, Xande de Pilares, Pique Novo, Sombrinha, Feyj\u00e3o, Marquinhos Sensa\u00e7\u00e3o, Gustavo Lins, Netinho de Paula e Grygor est\u00e3o entre os artistas que j\u00e1 passaram pela casa.<\/p>\n<p>O reconhecimento ao trabalho desenvolvido pelo espa\u00e7o tamb\u00e9m chegou por meio do poder p\u00fablico. Recentemente, o Casar\u00e3o do Firmino recebeu da C\u00e2mara Municipal do Rio de Janeiro o Conjunto de Medalhas de M\u00e9rito Pedro Ernesto, uma das principais honrarias concedidas pelo Legislativo carioca.<\/p>\n<p>SERVI\u00c7O<\/p>\n<p>&#8211; Todo Mundo Canta Arlindo Cruz<br \/>&#8211; Apresenta\u00e7\u00e3o: Flora Cruz<br \/>Data: 7 de setembro de 2026- Domingo<br \/>&#8211; Hor\u00e1rio: a partir das 17h<br \/>&#8211; Local: Casar\u00e3o do Firmino, Rua da Rela\u00e7\u00e3o, 19, Lapa, Centro do Rio de Janeiro<br \/>&#8211; Entrada: colaborativa<br \/>&#8211; Chopp liberado: at\u00e9 as 18h30<br \/>&#8211; Classifica\u00e7\u00e3o: a partir de 10 anos, mediante apresenta\u00e7\u00e3o de documento e acompanhado dos respons\u00e1veis legais<br \/>&#8211; Mais informa\u00e7\u00f5es: WhatsApp (21) 99826-2068<\/p>\n<p>&#8212;<br \/>C\u00f3digo Morse Assessoria de Imprensa e Comunica\u00e7\u00e3o<br \/>Diretor respons\u00e1vel: Enildo Viola<br \/>P\u00e1gina no Facebook: C\u00f3digo Morse Assessoria de Imprensa e Comunica\u00e7\u00e3o<br \/>Instagram:codigomorseimprensa<br \/>e-mail: codigomorseassessoriadeimprens@gmail.com<br \/>whatsapp: 21-97042-3109<br \/>Celulares: 97042-3109\/97042-3110<\/p>\n<figure class=\"wp-block-image size-large\"><img decoding=\"async\" src=\"https:\/\/roteiroscariocas.com.br\/wp-content\/uploads\/2026\/09\/flora-cruz-comanda-homenagem-a-arlindo-cruz-no-casarao-do-firmino-neste-domingo-corpo1.jpg\" alt=\"Flora Cruz comanda homenagem a Arlindo Cruz no Casar\u00e3o do Firmino neste domingo\"\/><\/figure>\n<figure class=\"wp-block-image size-large\"><img decoding=\"async\" src=\"https:\/\/roteiroscariocas.com.br\/wp-content\/uploads\/2026\/09\/flora-cruz-comanda-homenagem-a-arlindo-cruz-no-casarao-do-firmino-neste-domingo-corpo2.jpg\" alt=\"Flora Cruz comanda homenagem a Arlindo Cruz no Casar\u00e3o do Firmino neste domingo\"\/><\/figure>\n","protected":false},"excerpt":{"rendered":"<p>Projeto Para Declarar Minha Saudade celebra o legado do mestre do samba na Lapa com entrada colaborativa<\/p>\n","protected":false},"author":1,"featured_media":22751,"comment_status":"","ping_status":"open","sticky":false,"template":"","format":"standard","meta":{"colormag_page_container_layout":"default_layout","colormag_page_sidebar_layout":"default_layout","ngg_post_thumbnail":0,"footnotes":""},"categories":[34],"tags":[],"class_list":["post-22758","post","type-post","status-publish","format-standard","has-post-thumbnail","hentry","category-noticias"],"_links":{"self":[{"href":"https:\/\/roteiroscariocas.com.br\/index.php\/wp-json\/wp\/v2\/posts\/22758","targetHints":{"allow":["GET"]}}],"collection":[{"href":"https:\/\/roteiroscariocas.com.br\/index.php\/wp-json\/wp\/v2\/posts"}],"about":[{"href":"https:\/\/roteiroscariocas.com.br\/index.php\/wp-json\/wp\/v2\/types\/post"}],"author":[{"embeddable":true,"href":"https:\/\/roteiroscariocas.com.br\/index.php\/wp-json\/wp\/v2\/users\/1"}],"replies":[{"embeddable":true,"href":"https:\/\/roteiroscariocas.com.br\/index.php\/wp-json\/wp\/v2\/comments?post=22758"}],"version-history":[{"count":0,"href":"https:\/\/roteiroscariocas.com.br\/index.php\/wp-json\/wp\/v2\/posts\/22758\/revisions"}],"wp:featuredmedia":[{"embeddable":true,"href":"https:\/\/roteiroscariocas.com.br\/index.php\/wp-json\/wp\/v2\/media\/22751"}],"wp:attachment":[{"href":"https:\/\/roteiroscariocas.com.br\/index.php\/wp-json\/wp\/v2\/media?parent=22758"}],"wp:term":[{"taxonomy":"category","embeddable":true,"href":"https:\/\/roteiroscariocas.com.br\/index.php\/wp-json\/wp\/v2\/categories?post=22758"},{"taxonomy":"post_tag","embeddable":true,"href":"https:\/\/roteiroscariocas.com.br\/index.php\/wp-json\/wp\/v2\/tags?post=22758"}],"curies":[{"name":"wp","href":"https:\/\/api.w.org\/{rel}","templated":true}]}}