{"id":22791,"date":"2026-09-01T10:43:38","date_gmt":"2026-09-01T13:43:38","guid":{"rendered":"https:\/\/roteiroscariocas.com.br\/index.php\/2026\/09\/01\/mocidade-abre-as-portas-do-barracao-para-debater-sustentabilidade-na-pratica\/"},"modified":"2026-09-01T23:41:55","modified_gmt":"2026-09-02T02:41:55","slug":"mocidade-abre-as-portas-do-barracao-para-debater-sustentabilidade-na-pratica","status":"publish","type":"post","link":"https:\/\/roteiroscariocas.com.br\/index.php\/2026\/09\/01\/mocidade-abre-as-portas-do-barracao-para-debater-sustentabilidade-na-pratica\/","title":{"rendered":"Mocidade abre as portas do barrac\u00e3o para debater sustentabilidade na pr\u00e1tica"},"content":{"rendered":"<p>A Mocidade Independente de Padre Miguel recebeu, no \u00faltimo s\u00e1bado (29), a primeira edi\u00e7\u00e3o do \u201cRaio-X da Sustentabilidade\u201d, uma imers\u00e3o t\u00e9cnica e pr\u00e1tica criada para analisar como conceitos de sustentabilidade podem ser aplicados nos diferentes processos de uma escola de samba. A atividade levou profissionais e estudantes conectados ao carnaval, \u00e0 cultura, \u00e0 sustentabilidade e \u00e0 gest\u00e3o para dentro do barrac\u00e3o, propondo um novo olhar sobre os bastidores da produ\u00e7\u00e3o carnavalesca.<\/p>\n<p>Idealizada por Diego Carbonell, professor do curso de Consultor de Sustentabilidade Aplicada ao Carnaval e consultor especialista em sustentabilidade da Liga-SP, a iniciativa nasceu a partir de questionamentos recorrentes de seus alunos sobre como a sustentabilidade, apresentada em sala de aula, acontece efetivamente dentro de uma escola de samba.<\/p>\n<p>Durante a experi\u00eancia, os participantes observaram aspectos relacionados \u00e0 gest\u00e3o, planejamento, materiais, economia circular, produ\u00e7\u00e3o, efici\u00eancia, pessoas, inova\u00e7\u00e3o, compras, res\u00edduos e indicadores, conectando a teoria \u00e0 realidade do barrac\u00e3o.<\/p>\n<p>\u201cO Raio-X nasceu de uma inquieta\u00e7\u00e3o que ouvi muitas vezes dos meus alunos: como a sustentabilidade que estamos discutindo em sala acontece, na pr\u00e1tica, dentro de uma escola de samba? E n\u00e3o existe ambiente mais representativo para enxergar isso do que o barrac\u00e3o. Foi muito especial ver essa ideia sair do papel, ainda mais em uma escola com um hist\u00f3rico pioneiro como a Mocidade. A proposta n\u00e3o \u00e9 fazer uma simples visita, mas aprender a enxergar o Carnaval por um olhar t\u00e9cnico, reconhecendo boas pr\u00e1ticas e identificando oportunidades vi\u00e1veis. Tenho certeza de que os participantes sa\u00edram de l\u00e1 com um novo olhar sobre o barrac\u00e3o e, principalmente, com muitas ideias\u201d, afirma Diego Carbonell.<\/p>\n<p>Al\u00e9m do aprendizado, a primeira edi\u00e7\u00e3o do projeto tamb\u00e9m prev\u00ea uma entrega para a Mocidade constru\u00edda a partir das percep\u00e7\u00f5es identificadas durante a imers\u00e3o. O material dever\u00e1 reunir sugest\u00f5es de boas pr\u00e1ticas observadas e poss\u00edveis oportunidades relacionadas \u00e0 sustentabilidade, que poder\u00e3o ser avaliados pela escola.<\/p>\n<p>Com atua\u00e7\u00e3o em projetos de sustentabilidade nos Carnavais do Rio de Janeiro, Bel\u00e9m e Florian\u00f3polis, Diego Carbonell destaca a import\u00e2ncia de aproximar conhecimento t\u00e9cnico da realidade das agremia\u00e7\u00f5es. A iniciativa refor\u00e7a a possibilidade de transformar os pr\u00f3prios bastidores do Carnaval em espa\u00e7os de aprendizado, inova\u00e7\u00e3o e constru\u00e7\u00e3o de solu\u00e7\u00f5es mais sustent\u00e1veis.<\/p>\n<p>Para os participantes, a experi\u00eancia foi uma oportunidade de observar a cadeia de produ\u00e7\u00e3o carnavalesca por uma perspectiva que vai al\u00e9m do espet\u00e1culo apresentado na Avenida. Para a Mocidade, o projeto abre espa\u00e7o para identificar solu\u00e7\u00f5es que podem contribuir para uma produ\u00e7\u00e3o cada vez mais consciente e eficiente.<\/p>\n<figure class=\"wp-block-image size-large\"><img decoding=\"async\" src=\"https:\/\/roteiroscariocas.com.br\/wp-content\/uploads\/2026\/09\/mocidade-abre-as-portas-do-barracao-para-debater-sustentabilidade-na-pratica-corpo1.jpg\" alt=\"Mocidade abre as portas do barrac\u00e3o para debater sustentabilidade na pr\u00e1tica\"\/><\/figure>\n<figure class=\"wp-block-image size-large\"><img decoding=\"async\" src=\"https:\/\/roteiroscariocas.com.br\/wp-content\/uploads\/2026\/09\/mocidade-abre-as-portas-do-barracao-para-debater-sustentabilidade-na-pratica-corpo2.jpg\" alt=\"Mocidade abre as portas do barrac\u00e3o para debater sustentabilidade na pr\u00e1tica\"\/><\/figure>\n<figure class=\"wp-block-image size-large\"><img decoding=\"async\" src=\"https:\/\/roteiroscariocas.com.br\/wp-content\/uploads\/2026\/09\/mocidade-abre-as-portas-do-barracao-para-debater-sustentabilidade-na-pratica-corpo3.jpg\" alt=\"Mocidade abre as portas do barrac\u00e3o para debater sustentabilidade na pr\u00e1tica\"\/><\/figure>\n<figure class=\"wp-block-image size-large\"><img decoding=\"async\" src=\"https:\/\/roteiroscariocas.com.br\/wp-content\/uploads\/2026\/09\/mocidade-abre-as-portas-do-barracao-para-debater-sustentabilidade-na-pratica-corpo4.jpg\" alt=\"Mocidade abre as portas do barrac\u00e3o para debater sustentabilidade na pr\u00e1tica\"\/><\/figure>\n<figure class=\"wp-block-image size-large\"><img decoding=\"async\" src=\"https:\/\/roteiroscariocas.com.br\/wp-content\/uploads\/2026\/09\/mocidade-abre-as-portas-do-barracao-para-debater-sustentabilidade-na-pratica-corpo5.jpg\" alt=\"Mocidade abre as portas do barrac\u00e3o para debater sustentabilidade na pr\u00e1tica\"\/><\/figure>\n","protected":false},"excerpt":{"rendered":"<p>Escola de Padre Miguel recebeu a primeira edi\u00e7\u00e3o do projeto Raio-X da Sustentabilidade com foco nos bastidores<\/p>\n","protected":false},"author":1,"featured_media":22840,"comment_status":"closed","ping_status":"open","sticky":false,"template":"","format":"standard","meta":{"colormag_page_container_layout":"default_layout","colormag_page_sidebar_layout":"default_layout","ngg_post_thumbnail":0,"footnotes":""},"categories":[37,40],"tags":[],"class_list":["post-22791","post","type-post","status-publish","format-standard","has-post-thumbnail","hentry","category-especial","category-hot"],"_links":{"self":[{"href":"https:\/\/roteiroscariocas.com.br\/index.php\/wp-json\/wp\/v2\/posts\/22791","targetHints":{"allow":["GET"]}}],"collection":[{"href":"https:\/\/roteiroscariocas.com.br\/index.php\/wp-json\/wp\/v2\/posts"}],"about":[{"href":"https:\/\/roteiroscariocas.com.br\/index.php\/wp-json\/wp\/v2\/types\/post"}],"author":[{"embeddable":true,"href":"https:\/\/roteiroscariocas.com.br\/index.php\/wp-json\/wp\/v2\/users\/1"}],"replies":[{"embeddable":true,"href":"https:\/\/roteiroscariocas.com.br\/index.php\/wp-json\/wp\/v2\/comments?post=22791"}],"version-history":[{"count":1,"href":"https:\/\/roteiroscariocas.com.br\/index.php\/wp-json\/wp\/v2\/posts\/22791\/revisions"}],"predecessor-version":[{"id":22846,"href":"https:\/\/roteiroscariocas.com.br\/index.php\/wp-json\/wp\/v2\/posts\/22791\/revisions\/22846"}],"wp:featuredmedia":[{"embeddable":true,"href":"https:\/\/roteiroscariocas.com.br\/index.php\/wp-json\/wp\/v2\/media\/22840"}],"wp:attachment":[{"href":"https:\/\/roteiroscariocas.com.br\/index.php\/wp-json\/wp\/v2\/media?parent=22791"}],"wp:term":[{"taxonomy":"category","embeddable":true,"href":"https:\/\/roteiroscariocas.com.br\/index.php\/wp-json\/wp\/v2\/categories?post=22791"},{"taxonomy":"post_tag","embeddable":true,"href":"https:\/\/roteiroscariocas.com.br\/index.php\/wp-json\/wp\/v2\/tags?post=22791"}],"curies":[{"name":"wp","href":"https:\/\/api.w.org\/{rel}","templated":true}]}}