{"id":22805,"date":"2026-09-01T10:39:39","date_gmt":"2026-09-01T13:39:39","guid":{"rendered":"https:\/\/roteiroscariocas.com.br\/index.php\/2026\/09\/01\/novo-imperio-faz-festa-em-osvaldo-cruz-com-coroacao-de-rainha-e-novo-samba\/"},"modified":"2026-09-01T10:39:39","modified_gmt":"2026-09-01T13:39:39","slug":"novo-imperio-faz-festa-em-osvaldo-cruz-com-coroacao-de-rainha-e-novo-samba","status":"publish","type":"post","link":"https:\/\/roteiroscariocas.com.br\/index.php\/2026\/09\/01\/novo-imperio-faz-festa-em-osvaldo-cruz-com-coroacao-de-rainha-e-novo-samba\/","title":{"rendered":"Novo Imp\u00e9rio faz festa em Osvaldo Cruz com coroa\u00e7\u00e3o de rainha e novo samba"},"content":{"rendered":"<p>A Novo Imp\u00e9rio prepara uma grande celebra\u00e7\u00e3o para marcar mais um anivers\u00e1rio de sua hist\u00f3ria. No dia 7 de setembro, a partir das 13h, a agremia\u00e7\u00e3o realiza uma programa\u00e7\u00e3o especial na Rua Andrade Ara\u00fajo, 192, em Osvaldo Cruz, reunindo samba, tradi\u00e7\u00e3o, gastronomia e importantes momentos para o pr\u00f3ximo Carnaval.<\/p>\n<p>Um dos pontos altos da festa ser\u00e1 a coroa\u00e7\u00e3o de N\u00edvea Alchorne como nova rainha de bateria da escola. A cerim\u00f4nia promete ser um dos momentos mais aguardados do evento, celebrando a chegada da nova majestade \u00e0 frente dos ritmistas da Pegada de Le\u00e3o, fortalecendo ainda mais a prepara\u00e7\u00e3o da agremia\u00e7\u00e3o para o Carnaval 2027.<\/p>\n<p>A programa\u00e7\u00e3o tamb\u00e9m contar\u00e1 com o enfaixamento das musas e a apresenta\u00e7\u00e3o oficial do samba-enredo que embalar\u00e1 o desfile da Novo Imp\u00e9rio no pr\u00f3ximo Carnaval, proporcionando ao p\u00fablico um verdadeiro encontro entre a hist\u00f3ria da escola e os novos cap\u00edtulos que come\u00e7am a ser escritos.<\/p>\n<p>Para completar a festa, a bateria Pegada de Le\u00e3o ser\u00e1 uma das atra\u00e7\u00f5es da tarde, levando toda a for\u00e7a da cad\u00eancia imperial para a quadra. O evento ainda receber\u00e1 as escolas convidadas Acad\u00eamicos de Vig\u00e1rio Geral e Unidos do Cabu\u00e7u. E como toda boa festa de samba tamb\u00e9m pede sabor e tradi\u00e7\u00e3o, o p\u00fablico poder\u00e1 aproveitar uma feijoada completa, acompanhada de acompanhamentos especiais.<\/p>\n<p>As mesas antecipadas est\u00e3o sendo vendidas por R$ 25,00.<\/p>\n<p>Servi\u00e7o<\/p>\n<p>Festa de Anivers\u00e1rio da Novo Imp\u00e9rio<br \/>07 de setembro<br \/>A partir das 13h<br \/>Rua Andrade Ara\u00fajo, 192, Osvaldo Cruz, RJ<\/p>\n<p>GARDEL ASSESSORIA<\/p>\n<p>Alex Sandro Gardel(21) 98807-0413<\/p>\n<figure class=\"wp-block-image size-large\"><img decoding=\"async\" src=\"https:\/\/roteiroscariocas.com.br\/wp-content\/uploads\/2026\/09\/novo-imperio-faz-festa-em-osvaldo-cruz-com-coroacao-de-rainha-e-novo-samba-corpo1.jpg\" alt=\"Novo Imp\u00e9rio faz festa em Osvaldo Cruz com coroa\u00e7\u00e3o de rainha e novo samba\"\/><\/figure>\n<figure class=\"wp-block-image size-large\"><img decoding=\"async\" src=\"https:\/\/roteiroscariocas.com.br\/wp-content\/uploads\/2026\/09\/novo-imperio-faz-festa-em-osvaldo-cruz-com-coroacao-de-rainha-e-novo-samba-corpo2.jpg\" alt=\"Novo Imp\u00e9rio faz festa em Osvaldo Cruz com coroa\u00e7\u00e3o de rainha e novo samba\"\/><\/figure>\n<figure class=\"wp-block-image size-large\"><img decoding=\"async\" src=\"https:\/\/roteiroscariocas.com.br\/wp-content\/uploads\/2026\/09\/novo-imperio-faz-festa-em-osvaldo-cruz-com-coroacao-de-rainha-e-novo-samba-corpo3.jpg\" alt=\"Novo Imp\u00e9rio faz festa em Osvaldo Cruz com coroa\u00e7\u00e3o de rainha e novo samba\"\/><\/figure>\n<figure class=\"wp-block-image size-large\"><img decoding=\"async\" src=\"https:\/\/roteiroscariocas.com.br\/wp-content\/uploads\/2026\/09\/novo-imperio-faz-festa-em-osvaldo-cruz-com-coroacao-de-rainha-e-novo-samba-corpo4.jpg\" alt=\"Novo Imp\u00e9rio faz festa em Osvaldo Cruz com coroa\u00e7\u00e3o de rainha e novo samba\"\/><\/figure>\n<figure class=\"wp-block-image size-large\"><img decoding=\"async\" src=\"https:\/\/roteiroscariocas.com.br\/wp-content\/uploads\/2026\/09\/novo-imperio-faz-festa-em-osvaldo-cruz-com-coroacao-de-rainha-e-novo-samba-corpo5.jpg\" alt=\"Novo Imp\u00e9rio faz festa em Osvaldo Cruz com coroa\u00e7\u00e3o de rainha e novo samba\"\/><\/figure>\n","protected":false},"excerpt":{"rendered":"<p>Agremia\u00e7\u00e3o comemora anivers\u00e1rio no feriado de 7 de setembro com feijoada, bateria e escolas convidadas<\/p>\n","protected":false},"author":1,"featured_media":22792,"comment_status":"","ping_status":"open","sticky":false,"template":"","format":"standard","meta":{"colormag_page_container_layout":"default_layout","colormag_page_sidebar_layout":"default_layout","ngg_post_thumbnail":0,"footnotes":""},"categories":[34],"tags":[],"class_list":["post-22805","post","type-post","status-publish","format-standard","has-post-thumbnail","hentry","category-noticias"],"_links":{"self":[{"href":"https:\/\/roteiroscariocas.com.br\/index.php\/wp-json\/wp\/v2\/posts\/22805","targetHints":{"allow":["GET"]}}],"collection":[{"href":"https:\/\/roteiroscariocas.com.br\/index.php\/wp-json\/wp\/v2\/posts"}],"about":[{"href":"https:\/\/roteiroscariocas.com.br\/index.php\/wp-json\/wp\/v2\/types\/post"}],"author":[{"embeddable":true,"href":"https:\/\/roteiroscariocas.com.br\/index.php\/wp-json\/wp\/v2\/users\/1"}],"replies":[{"embeddable":true,"href":"https:\/\/roteiroscariocas.com.br\/index.php\/wp-json\/wp\/v2\/comments?post=22805"}],"version-history":[{"count":0,"href":"https:\/\/roteiroscariocas.com.br\/index.php\/wp-json\/wp\/v2\/posts\/22805\/revisions"}],"wp:featuredmedia":[{"embeddable":true,"href":"https:\/\/roteiroscariocas.com.br\/index.php\/wp-json\/wp\/v2\/media\/22792"}],"wp:attachment":[{"href":"https:\/\/roteiroscariocas.com.br\/index.php\/wp-json\/wp\/v2\/media?parent=22805"}],"wp:term":[{"taxonomy":"category","embeddable":true,"href":"https:\/\/roteiroscariocas.com.br\/index.php\/wp-json\/wp\/v2\/categories?post=22805"},{"taxonomy":"post_tag","embeddable":true,"href":"https:\/\/roteiroscariocas.com.br\/index.php\/wp-json\/wp\/v2\/tags?post=22805"}],"curies":[{"name":"wp","href":"https:\/\/api.w.org\/{rel}","templated":true}]}}