{"id":22829,"date":"2026-09-01T10:22:26","date_gmt":"2026-09-01T13:22:26","guid":{"rendered":"https:\/\/roteiroscariocas.com.br\/index.php\/2026\/09\/01\/de-volta-as-origens-luana-bandeira-recebe-croqui-de-fantasia-na-estacio-de-sa\/"},"modified":"2026-09-01T10:22:26","modified_gmt":"2026-09-01T13:22:26","slug":"de-volta-as-origens-luana-bandeira-recebe-croqui-de-fantasia-na-estacio-de-sa","status":"publish","type":"post","link":"https:\/\/roteiroscariocas.com.br\/index.php\/2026\/09\/01\/de-volta-as-origens-luana-bandeira-recebe-croqui-de-fantasia-na-estacio-de-sa\/","title":{"rendered":"De volta \u00e0s origens: Luana Bandeira recebe croqui de fantasia na Est\u00e1cio de S\u00e1"},"content":{"rendered":"<p>Luana Bandeira j\u00e1 conhece a fantasia que levar\u00e1 para a Avenida no Carnaval 2027. A musa recebeu o croqui durante uma confraterniza\u00e7\u00e3o realizada na quadra da Est\u00e1cio de S\u00e1, na noite de segunda-feira (31), ao lado de outras musas e destaques da agremia\u00e7\u00e3o.<\/p>\n<p>O figurino, que ainda \u00e9 mantido em segredo, marca mais uma etapa da prepara\u00e7\u00e3o de Luana para o desfile. Sem revelar detalhes da produ\u00e7\u00e3o, ela conta que ficou emocionada ao conhecer o desenho e que o momento aumentou ainda mais a expectativa para voltar \u00e0 Avenida pela escola.<\/p>\n<p>A rela\u00e7\u00e3o com a Est\u00e1cio de S\u00e1 tem um significado especial para Luana, que come\u00e7ou sua trajet\u00f3ria no Carnaval na agremia\u00e7\u00e3o. Depois de alguns anos, o retorno como musa representa, para ela, um reencontro com as pr\u00f3prias ra\u00edzes e com uma escola que considera parte fundamental de sua hist\u00f3ria.<\/p>\n<p>\u201c\u00c9 uma emo\u00e7\u00e3o muito grande receber esse croqui e perceber que o Carnaval est\u00e1 cada vez mais perto. A Est\u00e1cio faz parte da minha hist\u00f3ria, foi onde tudo come\u00e7ou, ent\u00e3o voltar justamente como musa e em um ano t\u00e3o importante \u00e9 muito especial para mim\u201d, afirma Luana.<\/p>\n<p>O reencontro ganha ainda mais significado porque acontece no ano em que a Est\u00e1cio de S\u00e1 celebra seu centen\u00e1rio. Para Luana, fazer parte dessa comemora\u00e7\u00e3o \u00e9 uma responsabilidade e, ao mesmo tempo, uma grande honra.<\/p>\n<p>\u201cDesfilar no centen\u00e1rio da escola \u00e9 algo que eu vou guardar para sempre. Quero viver cada momento, estar pr\u00f3xima dessa comunidade que eu amo e fazer um desfile \u00e0 altura de toda essa hist\u00f3ria\u201d, conta.<\/p>\n<p>Agora, com o croqui recebido, Luana segue com a prepara\u00e7\u00e3o para o desfile que promete marcar seu reencontro com a Est\u00e1cio de S\u00e1 e com a Avenida, em um ano hist\u00f3rico para a agremia\u00e7\u00e3o.<\/p>\n<figure class=\"wp-block-image size-large\"><img decoding=\"async\" src=\"https:\/\/roteiroscariocas.com.br\/wp-content\/uploads\/2026\/09\/de-volta-as-origens-luana-bandeira-recebe-croqui-de-fantasia-na-estacio-de-sa-corpo1.jpg\" alt=\"De volta \u00e0s origens: Luana Bandeira recebe croqui de fantasia na Est\u00e1cio de S\u00e1\"\/><\/figure>\n<figure class=\"wp-block-image size-large\"><img decoding=\"async\" src=\"https:\/\/roteiroscariocas.com.br\/wp-content\/uploads\/2026\/09\/de-volta-as-origens-luana-bandeira-recebe-croqui-de-fantasia-na-estacio-de-sa-corpo2.jpg\" alt=\"De volta \u00e0s origens: Luana Bandeira recebe croqui de fantasia na Est\u00e1cio de S\u00e1\"\/><\/figure>\n","protected":false},"excerpt":{"rendered":"<p>Musa se emociona com figurino secreto para o desfile hist\u00f3rico do centen\u00e1rio da vermelha e branca<\/p>\n","protected":false},"author":1,"featured_media":22822,"comment_status":"","ping_status":"open","sticky":false,"template":"","format":"standard","meta":{"colormag_page_container_layout":"default_layout","colormag_page_sidebar_layout":"default_layout","ngg_post_thumbnail":0,"footnotes":""},"categories":[38],"tags":[],"class_list":["post-22829","post","type-post","status-publish","format-standard","has-post-thumbnail","hentry","category-ouro"],"_links":{"self":[{"href":"https:\/\/roteiroscariocas.com.br\/index.php\/wp-json\/wp\/v2\/posts\/22829","targetHints":{"allow":["GET"]}}],"collection":[{"href":"https:\/\/roteiroscariocas.com.br\/index.php\/wp-json\/wp\/v2\/posts"}],"about":[{"href":"https:\/\/roteiroscariocas.com.br\/index.php\/wp-json\/wp\/v2\/types\/post"}],"author":[{"embeddable":true,"href":"https:\/\/roteiroscariocas.com.br\/index.php\/wp-json\/wp\/v2\/users\/1"}],"replies":[{"embeddable":true,"href":"https:\/\/roteiroscariocas.com.br\/index.php\/wp-json\/wp\/v2\/comments?post=22829"}],"version-history":[{"count":0,"href":"https:\/\/roteiroscariocas.com.br\/index.php\/wp-json\/wp\/v2\/posts\/22829\/revisions"}],"wp:featuredmedia":[{"embeddable":true,"href":"https:\/\/roteiroscariocas.com.br\/index.php\/wp-json\/wp\/v2\/media\/22822"}],"wp:attachment":[{"href":"https:\/\/roteiroscariocas.com.br\/index.php\/wp-json\/wp\/v2\/media?parent=22829"}],"wp:term":[{"taxonomy":"category","embeddable":true,"href":"https:\/\/roteiroscariocas.com.br\/index.php\/wp-json\/wp\/v2\/categories?post=22829"},{"taxonomy":"post_tag","embeddable":true,"href":"https:\/\/roteiroscariocas.com.br\/index.php\/wp-json\/wp\/v2\/tags?post=22829"}],"curies":[{"name":"wp","href":"https:\/\/api.w.org\/{rel}","templated":true}]}}