{"id":22834,"date":"2026-08-31T12:56:58","date_gmt":"2026-08-31T15:56:58","guid":{"rendered":"https:\/\/roteiroscariocas.com.br\/index.php\/2026\/08\/31\/alegria-do-vilar-apresenta-a-psicanalista-claudia-rodrigues-como-nova-rainha\/"},"modified":"2026-09-01T23:33:03","modified_gmt":"2026-09-02T02:33:03","slug":"alegria-do-vilar-apresenta-a-psicanalista-claudia-rodrigues-como-nova-rainha","status":"publish","type":"post","link":"https:\/\/roteiroscariocas.com.br\/index.php\/2026\/08\/31\/alegria-do-vilar-apresenta-a-psicanalista-claudia-rodrigues-como-nova-rainha\/","title":{"rendered":"Alegria do Vilar apresenta a psicanalista Claudia Rodrigues como nova rainha"},"content":{"rendered":"<p>Boa tarde amigos, tudo bem?<\/p>\n<p>Conseguimos um espa\u00e7o para a paresenta\u00e7\u00e3o da Claudia Rodrigues como rainha de bateria da Alegria do Vilar, que aconteceu neste domingo?<\/p>\n<p>Desde j\u00e1 agrade\u00e7o.<\/p>\n<p><em>Rainha Claudia Rodrigues \u00e9 apresentada \u00e0 comunidade da Alegria do Vilar<\/em><\/p>\n<p>A noite do \u00faltimo domingo foi repleta de emo\u00e7\u00e3o para a psicanalista Claudia Rodrigues, que faz sua estreia como rainha da bateria Cad\u00eancia do Vilar, comandada pelo mestre Mauri\u00e7\u00e3o.<\/p>\n<p>A nova soberana foi apresentada \u00e0 comunidade durante a final de samba-enredo que definiu o hino oficial da escola para o desfile na Intendente Magalh\u00e3es, pela S\u00e9rie Prata do Carnaval 2027. Em seu discurso, a rainha expressou profunda gratid\u00e3o pelo acolhimento recebido da diretoria e dos componentes.<\/p>\n<p>&#8220;Estou muito feliz com todo o carinho que tenho recebido nos \u00faltimos dias. Passei toda a semana que antecedeu a final na quadra, ao lado da diretoria, para alinhar cada detalhe e proporcionar uma linda festa para a nossa comunidade. Posso dizer que, mesmo sendo branca e n\u00e3o tendo nascido no samba, estou aqui para honrar e representar com muito orgulho este pavilh\u00e3o. Meu muito obrigada ao J\u00fanior Reis pelo convite e pela confian\u00e7a&#8221;, declarou Claudia.<\/p>\n<p>A coroa\u00e7\u00e3o oficial j\u00e1 tem data marcada: dia 24 de outubro. O evento ser\u00e1 celebrado em uma grande festa preparada especialmente para seus convidados, para a bateria do mestre Mauri\u00e7\u00e3o e para toda a comunidade do Vilar.<\/p>\n<figure class=\"wp-block-image size-large\"><img decoding=\"async\" src=\"https:\/\/roteiroscariocas.com.br\/wp-content\/uploads\/2026\/09\/alegria-do-vilar-apresenta-a-psicanalista-claudia-rodrigues-como-nova-rainha-corpo1.jpg\" alt=\"Alegria do Vilar apresenta a psicanalista Claudia Rodrigues como nova rainha\"\/><\/figure>\n<figure class=\"wp-block-image size-large\"><img decoding=\"async\" src=\"https:\/\/roteiroscariocas.com.br\/wp-content\/uploads\/2026\/09\/alegria-do-vilar-apresenta-a-psicanalista-claudia-rodrigues-como-nova-rainha-corpo2.jpg\" alt=\"Alegria do Vilar apresenta a psicanalista Claudia Rodrigues como nova rainha\"\/><\/figure>\n<figure class=\"wp-block-image size-large\"><img decoding=\"async\" src=\"https:\/\/roteiroscariocas.com.br\/wp-content\/uploads\/2026\/09\/alegria-do-vilar-apresenta-a-psicanalista-claudia-rodrigues-como-nova-rainha-corpo3.jpg\" alt=\"Alegria do Vilar apresenta a psicanalista Claudia Rodrigues como nova rainha\"\/><\/figure>\n","protected":false},"excerpt":{"rendered":"<p>Estreante na S\u00e9rie Prata, a nova soberana da bateria Cad\u00eancia do Vilar ser\u00e1 coroada no dia 24 de outubro<\/p>\n","protected":false},"author":1,"featured_media":22835,"comment_status":"closed","ping_status":"open","sticky":false,"template":"","format":"standard","meta":{"colormag_page_container_layout":"default_layout","colormag_page_sidebar_layout":"default_layout","ngg_post_thumbnail":0,"footnotes":""},"categories":[34],"tags":[],"class_list":["post-22834","post","type-post","status-publish","format-standard","has-post-thumbnail","hentry","category-noticias"],"_links":{"self":[{"href":"https:\/\/roteiroscariocas.com.br\/index.php\/wp-json\/wp\/v2\/posts\/22834","targetHints":{"allow":["GET"]}}],"collection":[{"href":"https:\/\/roteiroscariocas.com.br\/index.php\/wp-json\/wp\/v2\/posts"}],"about":[{"href":"https:\/\/roteiroscariocas.com.br\/index.php\/wp-json\/wp\/v2\/types\/post"}],"author":[{"embeddable":true,"href":"https:\/\/roteiroscariocas.com.br\/index.php\/wp-json\/wp\/v2\/users\/1"}],"replies":[{"embeddable":true,"href":"https:\/\/roteiroscariocas.com.br\/index.php\/wp-json\/wp\/v2\/comments?post=22834"}],"version-history":[{"count":1,"href":"https:\/\/roteiroscariocas.com.br\/index.php\/wp-json\/wp\/v2\/posts\/22834\/revisions"}],"predecessor-version":[{"id":22839,"href":"https:\/\/roteiroscariocas.com.br\/index.php\/wp-json\/wp\/v2\/posts\/22834\/revisions\/22839"}],"wp:featuredmedia":[{"embeddable":true,"href":"https:\/\/roteiroscariocas.com.br\/index.php\/wp-json\/wp\/v2\/media\/22835"}],"wp:attachment":[{"href":"https:\/\/roteiroscariocas.com.br\/index.php\/wp-json\/wp\/v2\/media?parent=22834"}],"wp:term":[{"taxonomy":"category","embeddable":true,"href":"https:\/\/roteiroscariocas.com.br\/index.php\/wp-json\/wp\/v2\/categories?post=22834"},{"taxonomy":"post_tag","embeddable":true,"href":"https:\/\/roteiroscariocas.com.br\/index.php\/wp-json\/wp\/v2\/tags?post=22834"}],"curies":[{"name":"wp","href":"https:\/\/api.w.org\/{rel}","templated":true}]}}