{"id":22871,"date":"2026-09-02T17:05:22","date_gmt":"2026-09-02T20:05:22","guid":{"rendered":"https:\/\/roteiroscariocas.com.br\/index.php\/2026\/09\/02\/portela-define-nesta-sexta-o-samba-que-vai-homenagear-o-mestre-monarco\/"},"modified":"2026-09-02T17:05:22","modified_gmt":"2026-09-02T20:05:22","slug":"portela-define-nesta-sexta-o-samba-que-vai-homenagear-o-mestre-monarco","status":"publish","type":"post","link":"https:\/\/roteiroscariocas.com.br\/index.php\/2026\/09\/02\/portela-define-nesta-sexta-o-samba-que-vai-homenagear-o-mestre-monarco\/","title":{"rendered":"Portela define nesta sexta o samba que vai homenagear o mestre Monarco"},"content":{"rendered":"<p>A Portela escolhe nesta sexta-feira, 4 de setembro, o samba-enredo que levar\u00e1 para a Marqu\u00eas de Sapuca\u00ed no Carnaval de 2027. Tr\u00eas parcerias chegaram \u00e0 final da disputa, que come\u00e7ou com 36 obras e reuniu mais de 200 compositores. A programa\u00e7\u00e3o come\u00e7a \u00e0s 22h, na quadra da escola, em Oswaldo Cruz.<\/p>\n<p>A noite ter\u00e1 um formato especial para celebrar Monarco, homenageado com o enredo \u201cAo mestre, com carinho\u201d. Antes do show da escola e das apresenta\u00e7\u00f5es dos sambas finalistas, a Portela far\u00e1, uma roda de samba no meio da quadra, aproximando m\u00fasicos e p\u00fablico em uma configura\u00e7\u00e3o diferente da tradicionalmente adotada nas finais de samba-enredo.<\/p>\n<p>A proposta \u00e9 recriar o ambiente que marcou a trajet\u00f3ria musical de Monarco. O repert\u00f3rio re\u00fane composi\u00e7\u00f5es do baluarte portelense, como \u201cPassado de Gl\u00f3ria\u201d e \u201cCora\u00e7\u00e3o em Desalinho\u201d, al\u00e9m de sambas que atravessaram diferentes gera\u00e7\u00f5es da hist\u00f3ria da azul e branco.<\/p>\n<p>Em seguida, a quadra recebe o show da Portela, com a participa\u00e7\u00e3o dos segmentos da escola.<\/p>\n<p>\u201cMonarco foi o maior portelense de todos os tempos. Sua obra ajudou a construir a identidade da Portela, que tem mais de 100 anos. A gente reverencia e agradece a esse homem que transformou a pr\u00f3pria vida em legado para o samba\u201d, afirma Luiz Carlos Escafura, presidente da Portela.<\/p>\n<p>A ordem de apresenta\u00e7\u00e3o das parcerias foi definida por sorteio realizado na noite desta ter\u00e7a-feira, 1\u00ba de setembro, no barrac\u00e3o da Portela, na Cidade do Samba.<\/p>\n<p>A primeira a se apresentar ser\u00e1 a parceria de Wanderley Monteiro, formada em parceria com Vinicius Ferreira, Jefferson Oliveira, H\u00e9lio Porto, Orlando Ambrosio, W. Correa e Rafael Gigante.<\/p>\n<p>Na sequ\u00eancia, ser\u00e1 a vez da parceria de Jorge do Batuke, com M\u00e1rcio Carvalho, Luiz Matos, Jo\u00e3o Menna Barreto, Lucas Alves, J. Ferreira e Araguaci.<\/p>\n<p>A terceira apresenta\u00e7\u00e3o ser\u00e1 da parceria de Cec\u00edlia Cruz, composta tamb\u00e9m por Cl\u00e1udio Cruz, Luciano Foga\u00e7a, Fabinho Gomes, G\u00eameos, Osmar Fernandes e Julio Pag\u00e9.<\/p>\n<p>Cada parceria far\u00e1 duas passadas do samba sem o acompanhamento da bateria. Depois, ter\u00e1 mais 20 minutos de apresenta\u00e7\u00e3o com a Tabajara do Samba.<\/p>\n<p>Nascido em 1933, no Rio de Janeiro, Monarco foi criado em Oswaldo Cruz e se aproximou da escola ainda menino. Entrou para a Ala de Compositores da Portela em 1950 e, ao longo das d\u00e9cadas seguintes, construiu uma obra que se tornou insepar\u00e1vel da identidade musical da agremia\u00e7\u00e3o.<\/p>\n<p>Suas composi\u00e7\u00f5es atravessaram gera\u00e7\u00f5es e foram gravadas por nomes como Paulinho da Viola, Jo\u00e3o Nogueira, Beth Carvalho, Roberto Ribeiro e Zeca Pagodinho. Entre elas est\u00e3o \u201cLen\u00e7o\u201d, \u201cPassado de Gl\u00f3ria\u201d, \u201cO Passado da Portela\u201d, \u201cCora\u00e7\u00e3o em Desalinho\u201d, \u201cPortela Desde Crian\u00e7a\u201d e \u201cPortela \u00e9 uma Fam\u00edlia Reunida\u201d.<\/p>\n<p>Monarco morreu em dezembro de 2021, aos 88 anos. Deixou uma obra profundamente ligada \u00e0 mem\u00f3ria de Oswaldo Cruz, de Madureira e da pr\u00f3pria Portela.<\/p>\n<p>Olinda, esposa do compositor, acompanha de perto a prepara\u00e7\u00e3o da homenagem e v\u00ea na roda de samba preparada para a final uma maneira de reencontrar um pouco do ambiente em que Monarco passou grande parte da vida.<\/p>\n<p>\u201c\u00c9 muito emocionante ver a Portela preparando tudo isso para ele. Monarco amava essa escola, amava estar no meio dos amigos, cantando e fazendo samba. Acho que uma roda no meio da quadra tem muito a ver com quem ele era. Ele gostava dessa proximidade, dessa simplicidade. Tenho certeza de que seria uma noite de muita felicidade para ele\u201d, afirma Olinda.<\/p>\n<p>O enredo \u201cAo mestre, com carinho\u201d \u00e9 desenvolvido pelo carnavalesco Paulo Barros.<\/p>\n<p>A final acontece em meio a uma s\u00e9rie de mudan\u00e7as promovidas pela Portela para o pr\u00f3ximo carnaval.<\/p>\n<p>Paulo Barros assumiu o comando art\u00edstico da escola. Bruno Ribas retornou como int\u00e9rprete oficial 21 anos depois de sua \u00faltima passagem pela agremia\u00e7\u00e3o. Na comiss\u00e3o de frente, S\u00e9rgio Lobatto e Patr\u00edcia Salgado passam a conduzir o quesito, enquanto a dire\u00e7\u00e3o de Carnaval \u00e9 formada por Dudu Falc\u00e3o, Elisa Fernandes e Camar\u00e3o Netto.<\/p>\n<p>Na harmonia, Marcelo Jacob, Almir Souza e Vitor Leite foram promovidos \u00e0 dire\u00e7\u00e3o geral. Marlon Lamar e Squel Jorgea seguem como primeiro casal de mestre-sala e porta-bandeira. Mestre Vitinho tamb\u00e9m permanece \u00e0 frente da bateria Tabajara do Samba.<\/p>\n<p>A Portela ser\u00e1 a primeira escola a desfilar na ter\u00e7a-feira de Carnaval em 2027.<\/p>\n<p>Camarotes e mesas para a final j\u00e1 est\u00e3o esgotados. Os ingressos de pista continuam \u00e0 venda a partir de R$ 50 pelo Meu Bilhete.<\/p>\n<p>A classifica\u00e7\u00e3o et\u00e1ria \u00e9 de 16 anos. A final tamb\u00e9m ter\u00e1 transmiss\u00e3o da Rio Carnaval.<\/p>\n<p>Final de samba-enredo da Portela 2027<br \/>Sexta-feira, 4 de setembro<br \/>A partir das 22h<br \/>Quadra da Portela, Rua Clara Nunes, 81, Oswaldo Cruz<br \/>Ingressos a partir de R$ 50<br \/>Classifica\u00e7\u00e3o et\u00e1ria de 16 anos<br \/>Vendas pelo Meu Bilhete<br \/>Transmiss\u00e3o pela Rio Carnaval<\/p>\n<p>OU\u00c7A OS SAMBAS:<br \/>https:\/\/youtube.com\/playlist?list=PLb6uN3Fft_-g&#038;si=amNTUmz-xoywqgYt<\/p>\n<figure class=\"wp-block-image size-large\"><img decoding=\"async\" src=\"https:\/\/roteiroscariocas.com.br\/wp-content\/uploads\/2026\/09\/portela-define-nesta-sexta-o-samba-que-vai-homenagear-o-mestre-monarco-corpo1.jpg\" alt=\"Portela define nesta sexta o samba que vai homenagear o mestre Monarco\"\/><\/figure>\n<figure class=\"wp-block-image size-large\"><img decoding=\"async\" src=\"https:\/\/roteiroscariocas.com.br\/wp-content\/uploads\/2026\/09\/portela-define-nesta-sexta-o-samba-que-vai-homenagear-o-mestre-monarco-corpo2.jpg\" alt=\"Portela define nesta sexta o samba que vai homenagear o mestre Monarco\"\/><\/figure>\n<figure class=\"wp-block-image size-large\"><img decoding=\"async\" src=\"https:\/\/roteiroscariocas.com.br\/wp-content\/uploads\/2026\/09\/portela-define-nesta-sexta-o-samba-que-vai-homenagear-o-mestre-monarco-corpo3.jpg\" alt=\"Portela define nesta sexta o samba que vai homenagear o mestre Monarco\"\/><\/figure>\n<figure class=\"wp-block-image size-large\"><img decoding=\"async\" src=\"https:\/\/roteiroscariocas.com.br\/wp-content\/uploads\/2026\/09\/portela-define-nesta-sexta-o-samba-que-vai-homenagear-o-mestre-monarco-corpo4.jpg\" alt=\"Portela define nesta sexta o samba que vai homenagear o mestre Monarco\"\/><\/figure>\n<figure class=\"wp-block-image size-large\"><img decoding=\"async\" src=\"https:\/\/roteiroscariocas.com.br\/wp-content\/uploads\/2026\/09\/portela-define-nesta-sexta-o-samba-que-vai-homenagear-o-mestre-monarco-corpo5.jpg\" alt=\"Portela define nesta sexta o samba que vai homenagear o mestre Monarco\"\/><\/figure>\n<figure class=\"wp-block-image size-large\"><img decoding=\"async\" src=\"https:\/\/roteiroscariocas.com.br\/wp-content\/uploads\/2026\/09\/portela-define-nesta-sexta-o-samba-que-vai-homenagear-o-mestre-monarco-corpo6.jpg\" alt=\"Portela define nesta sexta o samba que vai homenagear o mestre Monarco\"\/><\/figure>\n","protected":false},"excerpt":{"rendered":"<p>Tr\u00eas parcerias disputam a grande final em Oswaldo Cruz com direito a roda de samba especial no meio da quadra<\/p>\n","protected":false},"author":1,"featured_media":22856,"comment_status":"","ping_status":"open","sticky":false,"template":"","format":"standard","meta":{"colormag_page_container_layout":"default_layout","colormag_page_sidebar_layout":"default_layout","ngg_post_thumbnail":0,"footnotes":""},"categories":[37,40],"tags":[],"class_list":["post-22871","post","type-post","status-publish","format-standard","has-post-thumbnail","hentry","category-especial","category-hot"],"_links":{"self":[{"href":"https:\/\/roteiroscariocas.com.br\/index.php\/wp-json\/wp\/v2\/posts\/22871","targetHints":{"allow":["GET"]}}],"collection":[{"href":"https:\/\/roteiroscariocas.com.br\/index.php\/wp-json\/wp\/v2\/posts"}],"about":[{"href":"https:\/\/roteiroscariocas.com.br\/index.php\/wp-json\/wp\/v2\/types\/post"}],"author":[{"embeddable":true,"href":"https:\/\/roteiroscariocas.com.br\/index.php\/wp-json\/wp\/v2\/users\/1"}],"replies":[{"embeddable":true,"href":"https:\/\/roteiroscariocas.com.br\/index.php\/wp-json\/wp\/v2\/comments?post=22871"}],"version-history":[{"count":0,"href":"https:\/\/roteiroscariocas.com.br\/index.php\/wp-json\/wp\/v2\/posts\/22871\/revisions"}],"wp:featuredmedia":[{"embeddable":true,"href":"https:\/\/roteiroscariocas.com.br\/index.php\/wp-json\/wp\/v2\/media\/22856"}],"wp:attachment":[{"href":"https:\/\/roteiroscariocas.com.br\/index.php\/wp-json\/wp\/v2\/media?parent=22871"}],"wp:term":[{"taxonomy":"category","embeddable":true,"href":"https:\/\/roteiroscariocas.com.br\/index.php\/wp-json\/wp\/v2\/categories?post=22871"},{"taxonomy":"post_tag","embeddable":true,"href":"https:\/\/roteiroscariocas.com.br\/index.php\/wp-json\/wp\/v2\/tags?post=22871"}],"curies":[{"name":"wp","href":"https:\/\/api.w.org\/{rel}","templated":true}]}}