{"id":22873,"date":"2026-09-02T15:51:38","date_gmt":"2026-09-02T18:51:38","guid":{"rendered":"https:\/\/roteiroscariocas.com.br\/index.php\/2026\/09\/02\/mangueira-ganha-circuito-historico-e-turismo-guiado-por-moradores\/"},"modified":"2026-09-02T15:51:38","modified_gmt":"2026-09-02T18:51:38","slug":"mangueira-ganha-circuito-historico-e-turismo-guiado-por-moradores","status":"publish","type":"post","link":"https:\/\/roteiroscariocas.com.br\/index.php\/2026\/09\/02\/mangueira-ganha-circuito-historico-e-turismo-guiado-por-moradores\/","title":{"rendered":"Mangueira ganha circuito hist\u00f3rico e turismo guiado por moradores"},"content":{"rendered":"<p>O Morro da Mangueira est\u00e1 pronto para mostrar sua hist\u00f3ria ao mundo a partir do olhar de quem realmente vive o territ\u00f3rio. Sob a lideran\u00e7a de Evelyn Bastos, o Instituto Morro da Mangueira deu o pontap\u00e9 inicial em uma nova fase de atividades com foco no turismo comunit\u00e1rio e na valoriza\u00e7\u00e3o da mem\u00f3ria local. A grande novidade \u00e9 o MangaTur, um projeto que vai guiar visitantes pelas ruelas da comunidade, integrando um circuito hist\u00f3rico sinalizado com azulejos que homenageiam os grandes mestres e mestras que constru\u00edram o legado da verde e rosa. O passeio de estreia ainda contou com uma parada gastron\u00f4mica especial regada a batida de manga, fruta que d\u00e1 nome ao lugar e que ser\u00e1 protagonista de receitas voltadas para a gera\u00e7\u00e3o de renda na regi\u00e3o.<\/p>\n<p>A celebra\u00e7\u00e3o de abertura da sede oficial aconteceu no Buraco Quente e reuniu moradores, parceiros e lideran\u00e7as para apresentar as frentes de atua\u00e7\u00e3o do instituto, que \u00e9 gerido quase em sua totalidade por mulheres perif\u00e9ricas. Al\u00e9m do resgate cultural e do turismo, a institui\u00e7\u00e3o vai oferecer projetos focados em sa\u00fade integral da mulher, autonomia profissional feminina, seguran\u00e7a alimentar e atividades esportivas para a juventude. Durante o evento, Evelyn Bastos refor\u00e7ou a import\u00e2ncia de dar ferramentas para que a pr\u00f3pria comunidade preserve suas mem\u00f3rias e transforme talentos em oportunidades reais, abrindo caminhos para o futuro sem perder a conex\u00e3o com as ra\u00edzes do morro.<\/p>\n","protected":false},"excerpt":{"rendered":"<p>Sob o comando de Evelyn Bastos, instituto lan\u00e7a projeto que une mem\u00f3ria, gastronomia e gera\u00e7\u00e3o de renda no morro<\/p>\n","protected":false},"author":1,"featured_media":22872,"comment_status":"","ping_status":"open","sticky":false,"template":"","format":"standard","meta":{"colormag_page_container_layout":"default_layout","colormag_page_sidebar_layout":"default_layout","ngg_post_thumbnail":0,"footnotes":""},"categories":[37],"tags":[],"class_list":["post-22873","post","type-post","status-publish","format-standard","has-post-thumbnail","hentry","category-especial"],"_links":{"self":[{"href":"https:\/\/roteiroscariocas.com.br\/index.php\/wp-json\/wp\/v2\/posts\/22873","targetHints":{"allow":["GET"]}}],"collection":[{"href":"https:\/\/roteiroscariocas.com.br\/index.php\/wp-json\/wp\/v2\/posts"}],"about":[{"href":"https:\/\/roteiroscariocas.com.br\/index.php\/wp-json\/wp\/v2\/types\/post"}],"author":[{"embeddable":true,"href":"https:\/\/roteiroscariocas.com.br\/index.php\/wp-json\/wp\/v2\/users\/1"}],"replies":[{"embeddable":true,"href":"https:\/\/roteiroscariocas.com.br\/index.php\/wp-json\/wp\/v2\/comments?post=22873"}],"version-history":[{"count":0,"href":"https:\/\/roteiroscariocas.com.br\/index.php\/wp-json\/wp\/v2\/posts\/22873\/revisions"}],"wp:featuredmedia":[{"embeddable":true,"href":"https:\/\/roteiroscariocas.com.br\/index.php\/wp-json\/wp\/v2\/media\/22872"}],"wp:attachment":[{"href":"https:\/\/roteiroscariocas.com.br\/index.php\/wp-json\/wp\/v2\/media?parent=22873"}],"wp:term":[{"taxonomy":"category","embeddable":true,"href":"https:\/\/roteiroscariocas.com.br\/index.php\/wp-json\/wp\/v2\/categories?post=22873"},{"taxonomy":"post_tag","embeddable":true,"href":"https:\/\/roteiroscariocas.com.br\/index.php\/wp-json\/wp\/v2\/tags?post=22873"}],"curies":[{"name":"wp","href":"https:\/\/api.w.org\/{rel}","templated":true}]}}