{"id":22875,"date":"2026-09-02T12:00:00","date_gmt":"2026-09-02T15:00:00","guid":{"rendered":"https:\/\/roteiroscariocas.com.br\/index.php\/2026\/09\/02\/mocidade-abre-as-portas-do-barracao-para-pensar-o-carnaval-do-futuro\/"},"modified":"2026-09-02T12:00:00","modified_gmt":"2026-09-02T15:00:00","slug":"mocidade-abre-as-portas-do-barracao-para-pensar-o-carnaval-do-futuro","status":"publish","type":"post","link":"https:\/\/roteiroscariocas.com.br\/index.php\/2026\/09\/02\/mocidade-abre-as-portas-do-barracao-para-pensar-o-carnaval-do-futuro\/","title":{"rendered":"Mocidade abre as portas do barrac\u00e3o para pensar o Carnaval do futuro"},"content":{"rendered":"<p>Quem v\u00ea o desfile pronto na Sapuca\u00ed nem sempre imagina a complexidade que \u00e9 colocar uma escola de samba na Avenida. Pensando em transformar essa engrenagem gigante em um processo mais limpo e consciente, a Mocidade Independente de Padre Miguel abriu as portas de seu barrac\u00e3o no \u00faltimo s\u00e1bado para receber a edi\u00e7\u00e3o de estreia do projeto Raio-X da Sustentabilidade. O encontro reuniu estudantes e profissionais de cultura, gest\u00e3o e meio ambiente para uma imers\u00e3o pr\u00e1tica na produ\u00e7\u00e3o da verde e branca.<\/p>\n<p>A iniciativa foi idealizada por Diego Carbonell, especialista na \u00e1rea e professor de forma\u00e7\u00e3o voltada para a sustentabilidade no Carnaval. O projeto nasceu de debates acad\u00eamicos sobre como tirar a teoria do papel e aplicar solu\u00e7\u00f5es ecol\u00f3gicas no dia a dia operacional dos barrac\u00f5es. Durante a visita, o grupo analisou de perto os fluxos de trabalho da escola, observando desde a escolha e compra de materiais at\u00e9 a gest\u00e3o de res\u00edduos, efici\u00eancia produtiva e log\u00edstica.<\/p>\n<p>Como resultado desse diagn\u00f3stico, a Mocidade vai receber um relat\u00f3rio t\u00e9cnico detalhado. O documento vai reunir as boas pr\u00e1ticas que a escola j\u00e1 realiza e apontar caminhos para otimizar ainda mais os processos, mostrando que a folia carioca pode ser t\u00e3o sustent\u00e1vel quanto \u00e9 grandiosa.<\/p>\n","protected":false},"excerpt":{"rendered":"<p>Escola de Padre Miguel recebeu a primeira edi\u00e7\u00e3o do projeto Raio-X da Sustentabilidade com foco em economia circular<\/p>\n","protected":false},"author":1,"featured_media":22874,"comment_status":"","ping_status":"open","sticky":false,"template":"","format":"standard","meta":{"colormag_page_container_layout":"default_layout","colormag_page_sidebar_layout":"default_layout","ngg_post_thumbnail":0,"footnotes":""},"categories":[37,40],"tags":[],"class_list":["post-22875","post","type-post","status-publish","format-standard","has-post-thumbnail","hentry","category-especial","category-hot"],"_links":{"self":[{"href":"https:\/\/roteiroscariocas.com.br\/index.php\/wp-json\/wp\/v2\/posts\/22875","targetHints":{"allow":["GET"]}}],"collection":[{"href":"https:\/\/roteiroscariocas.com.br\/index.php\/wp-json\/wp\/v2\/posts"}],"about":[{"href":"https:\/\/roteiroscariocas.com.br\/index.php\/wp-json\/wp\/v2\/types\/post"}],"author":[{"embeddable":true,"href":"https:\/\/roteiroscariocas.com.br\/index.php\/wp-json\/wp\/v2\/users\/1"}],"replies":[{"embeddable":true,"href":"https:\/\/roteiroscariocas.com.br\/index.php\/wp-json\/wp\/v2\/comments?post=22875"}],"version-history":[{"count":0,"href":"https:\/\/roteiroscariocas.com.br\/index.php\/wp-json\/wp\/v2\/posts\/22875\/revisions"}],"wp:featuredmedia":[{"embeddable":true,"href":"https:\/\/roteiroscariocas.com.br\/index.php\/wp-json\/wp\/v2\/media\/22874"}],"wp:attachment":[{"href":"https:\/\/roteiroscariocas.com.br\/index.php\/wp-json\/wp\/v2\/media?parent=22875"}],"wp:term":[{"taxonomy":"category","embeddable":true,"href":"https:\/\/roteiroscariocas.com.br\/index.php\/wp-json\/wp\/v2\/categories?post=22875"},{"taxonomy":"post_tag","embeddable":true,"href":"https:\/\/roteiroscariocas.com.br\/index.php\/wp-json\/wp\/v2\/tags?post=22875"}],"curies":[{"name":"wp","href":"https:\/\/api.w.org\/{rel}","templated":true}]}}