{"id":22891,"date":"2026-09-01T20:22:34","date_gmt":"2026-09-01T23:22:34","guid":{"rendered":"https:\/\/roteiroscariocas.com.br\/index.php\/2026\/09\/01\/imperio-serrano-define-os-13-sambas-que-brigam-para-ser-o-hino-de-2027\/"},"modified":"2026-09-01T20:22:34","modified_gmt":"2026-09-01T23:22:34","slug":"imperio-serrano-define-os-13-sambas-que-brigam-para-ser-o-hino-de-2027","status":"publish","type":"post","link":"https:\/\/roteiroscariocas.com.br\/index.php\/2026\/09\/01\/imperio-serrano-define-os-13-sambas-que-brigam-para-ser-o-hino-de-2027\/","title":{"rendered":"Imp\u00e9rio Serrano define os 13 sambas que brigam para ser o hino de 2027"},"content":{"rendered":"<p>O Imp\u00e9rio Serrano recebeu, na noite da \u00faltima segunda-feira (31), 13 sambas inscritos para a disputa que definir\u00e1 o hino oficial da escola para o Carnaval 2027. As obras concorrem ao enredo \u201cSeja marginal, seja her\u00f3i: a revolu\u00e7\u00e3o em sua leg\u00edtima raz\u00e3o\u201d, desenvolvido pelo carnavalesco Renato Esteves.<\/p>\n<p>Na noite desta ter\u00e7a-feira (1\u00ba), o Imp\u00e9rio Serrano divulgou oficialmente as 13 composi\u00e7\u00f5es concorrentes em seu canal no YouTube. Com o n\u00famero de sambas inscritos, a escola reorganizou o calend\u00e1rio inicialmente previsto para o concurso, que agora ser\u00e1 realizado em quatro etapas.<\/p>\n<p>A disputa come\u00e7a no dia 8 de setembro, com a apresenta\u00e7\u00e3o dos sambas da Chave Verde. Na semana seguinte, no dia 15, ser\u00e1 a vez das obras da Chave Branca. As composi\u00e7\u00f5es classificadas avan\u00e7am para a semifinal, marcada para o dia 19, durante a tradicional Feijoada Imperial. A grande final est\u00e1 programada para o dia 26 de setembro.<\/p>\n<p>Conhe\u00e7a os sambas inscritos<\/p>\n<p>Samba 1: Henrique Hoffmann, Paulinho Valen\u00e7a, Greg\u00f3rio da Casa de Jorge, Beto BR, Duda Marechal, Nen\u00e9m Madureira, Edson Batista e China.<\/p>\n<p>Samba 2: Alex Ribeiro, Luiz Fernando, Rodolfo Caruso, M\u00e1rcio Junior, Andr\u00e9 Barros, Junior Ribeiro e Maira Santaf\u00e9.<\/p>\n<p>Samba 3: Orlandinho Compositor, Professor Heitor e Naldo Professor.<\/p>\n<p>Samba 4: Andressa Oliveira, Bia Colivert e Flavio Oliveira.<\/p>\n<p>Samba 5: S\u00e9rgio Mineiro, Alexandre Xuxu, Preto Ben\u00eazinho, Vera Alice, Vera Lucia, Delson Antunes, Pel\u00e9 Dram\u00e1tico e William da Cu\u00edca.<\/p>\n<p>Samba 6: Eduardo Henrique, Nego Jussa, Argentina Caetano, Vania Moraes e Ian Ara\u00fajo.<\/p>\n<p>Samba 7: Ivo Oliveira e Luciana Nabuco.<\/p>\n<p>Samba 8: Alu\u00edsio Machado, Carlos Senna, Hamilton Fof\u00e3o, Tinga, Nilson Rangel, Jorginho da Flor, Lico Monteiro e Thiago Bahiano.<\/p>\n<p>Samba 9: Marcio Oliveira, Vinicius Almeida, Marcelo 100, Liane Harmonia, Marli Jane, Professora T\u00e2nia, Vinicius Nunes e Marcelo Marrom.<\/p>\n<p>Samba 10: Z\u00e9 Mauro do Imp\u00e9rio, Pedro Bala, Louren\u00e7o de Ogum, M\u00e1rio Ramos, Lu\u00eds Pavuna, Fl\u00e1vio Bacalhau, Rubinho Carioca e Kalique.<\/p>\n<p>Samba 11: Juarez Amizade, Chic\u00e3o do Cavaco, Walmir, Dr. R\u00e9gio J\u00fanior, Hildinho da Vila, Rico Teixeira, J. Alton e Miguezinho PQD.<\/p>\n<p>Samba 12: Acau\u00e3 Pozinho, Julio Cesar Camara, Matheus Travassos, Flavio Velinho, Adilson Taralo, Manoel Hipolito, Oswaldino Bab\u00e3o e Jorge Lopes.<\/p>\n<p>Samba 13: Arlindinho Cruz, Chico Cesar, Pc Feital, Fred Camacho, Tomas Miranda, Fabian Juarez, Lucas Marques e Bruno Rodrigo Jacoppet.<\/p>\n<p>Calend\u00e1rio da disputa<\/p>\n<p>8 de setembro: Chave Verde<\/p>\n<p>15 de setembro: Chave Branca<\/p>\n<p>19 de setembro: Semifinal, durante a Feijoada Imperial<\/p>\n<p>26 de setembro: Grande final<\/p>\n<p>O enredo do Imp\u00e9rio Serrano para 2027 celebra o movimento art\u00edstico e estudantil como forma de resist\u00eancia durante a Ditadura Militar (1964-1985). O tema tamb\u00e9m marca, em conjunto, os 90 anos da Uni\u00e3o Nacional dos Estudantes (UNE) e os 80 anos de funda\u00e7\u00e3o do Imp\u00e9rio Serrano. A escola ser\u00e1 a sexta a desfilar no s\u00e1bado, 6 de fevereiro, pela S\u00e9rie Ouro, em busca do t\u00edtulo e do acesso ao Grupo Especial.<\/p>\n<figure class=\"wp-block-image size-large\"><img decoding=\"async\" src=\"https:\/\/roteiroscariocas.com.br\/wp-content\/uploads\/2026\/09\/imperio-serrano-define-os-13-sambas-que-brigam-para-ser-o-hino-de-2027-corpo1.jpg\" alt=\"Imp\u00e9rio Serrano define os 13 sambas que brigam para ser o hino de 2027\"\/><\/figure>\n","protected":false},"excerpt":{"rendered":"<p>Com disputa dividida em chaves e etapa extra, a verde e branco da Serrinha come\u00e7a as eliminat\u00f3rias em setembro<\/p>\n","protected":false},"author":1,"featured_media":22886,"comment_status":"","ping_status":"open","sticky":false,"template":"","format":"standard","meta":{"colormag_page_container_layout":"default_layout","colormag_page_sidebar_layout":"default_layout","ngg_post_thumbnail":0,"footnotes":""},"categories":[38],"tags":[],"class_list":["post-22891","post","type-post","status-publish","format-standard","has-post-thumbnail","hentry","category-ouro"],"_links":{"self":[{"href":"https:\/\/roteiroscariocas.com.br\/index.php\/wp-json\/wp\/v2\/posts\/22891","targetHints":{"allow":["GET"]}}],"collection":[{"href":"https:\/\/roteiroscariocas.com.br\/index.php\/wp-json\/wp\/v2\/posts"}],"about":[{"href":"https:\/\/roteiroscariocas.com.br\/index.php\/wp-json\/wp\/v2\/types\/post"}],"author":[{"embeddable":true,"href":"https:\/\/roteiroscariocas.com.br\/index.php\/wp-json\/wp\/v2\/users\/1"}],"replies":[{"embeddable":true,"href":"https:\/\/roteiroscariocas.com.br\/index.php\/wp-json\/wp\/v2\/comments?post=22891"}],"version-history":[{"count":0,"href":"https:\/\/roteiroscariocas.com.br\/index.php\/wp-json\/wp\/v2\/posts\/22891\/revisions"}],"wp:featuredmedia":[{"embeddable":true,"href":"https:\/\/roteiroscariocas.com.br\/index.php\/wp-json\/wp\/v2\/media\/22886"}],"wp:attachment":[{"href":"https:\/\/roteiroscariocas.com.br\/index.php\/wp-json\/wp\/v2\/media?parent=22891"}],"wp:term":[{"taxonomy":"category","embeddable":true,"href":"https:\/\/roteiroscariocas.com.br\/index.php\/wp-json\/wp\/v2\/categories?post=22891"},{"taxonomy":"post_tag","embeddable":true,"href":"https:\/\/roteiroscariocas.com.br\/index.php\/wp-json\/wp\/v2\/tags?post=22891"}],"curies":[{"name":"wp","href":"https:\/\/api.w.org\/{rel}","templated":true}]}}