{"id":22893,"date":"2026-09-03T21:32:13","date_gmt":"2026-09-04T00:32:13","guid":{"rendered":"https:\/\/roteiroscariocas.com.br\/?p=22893"},"modified":"2026-09-03T21:32:13","modified_gmt":"2026-09-04T00:32:13","slug":"vigario-geral-vai-sacudir-a-sapucai-com-a-historia-dos-bondes-cariocas","status":"publish","type":"post","link":"https:\/\/roteiroscariocas.com.br\/index.php\/2026\/09\/03\/vigario-geral-vai-sacudir-a-sapucai-com-a-historia-dos-bondes-cariocas\/","title":{"rendered":"Vig\u00e1rio Geral vai sacudir a Sapuca\u00ed com a hist\u00f3ria dos bondes cariocas"},"content":{"rendered":"<p>Quem nunca ouviu falar que o Rio de Janeiro se desenhou nos trilhos? Pois a Acad\u00eamicos de Vig\u00e1rio Geral decidiu resgatar essa nostalgia e vai levar para a Marqu\u00eas de Sapuca\u00ed uma viagem l\u00fadica pela hist\u00f3ria dos bondes. O enredo para o pr\u00f3ximo desfile \u00e9 assinado pelos carnavalescos Puluker e Robson Goulart, com roteiro do enredista Felipe Marinho, prometendo sacudir a passarela do samba com muita leveza e mem\u00f3ria afetiva.<\/p>\n<p>A narrativa ganha vida atrav\u00e9s do personagem Vig\u00e1rio Motorneiro, que conduz o p\u00fablico a partir de 1859, \u00e9poca em que os primeiros bondinhos, ainda puxados por tra\u00e7\u00e3o animal, ligavam o Centro a S\u00e3o Crist\u00f3v\u00e3o. O desfile vai mostrar como esse transporte testemunhou as contradi\u00e7\u00f5es de um Rio antigo, passando por caminhos de terra e cen\u00e1rios de escravid\u00e3o, at\u00e9 se modernizar com a chegada do vapor e da eletricidade, integrando de vez o sub\u00farbio ao cora\u00e7\u00e3o da cidade.<\/p>\n<p>Claro que a boemia n\u00e3o poderia ficar de fora dessa rota. O bonde da Vig\u00e1rio faz uma parada obrigat\u00f3ria na Lapa e sobe as ladeiras de Santa Teresa, onde o transporte resistiu ao tempo e virou s\u00edmbolo de resist\u00eancia e identidade cultural contra a invas\u00e3o dos carros. Essa trajet\u00f3ria tamb\u00e9m cruza com a trilha sonora do pr\u00f3prio Carnaval, relembrando marchinhas cl\u00e1ssicas e o antol\u00f3gico samba de 1994 da Vila Isabel, que eternizou o famoso passeio pelo Boulevard.<\/p>\n<p>No fim da linha, a agremia\u00e7\u00e3o faz uma conex\u00e3o divertida com a modernidade do VLT e celebra seu pr\u00f3prio pavilh\u00e3o azul, vermelho e branco. A Vig\u00e1rio Geral ser\u00e1 a quarta escola a cruzar a Sapuca\u00ed na sexta-feira de Carnaval, buscando superar a oitava coloca\u00e7\u00e3o conquistada no \u00faltimo ano.<\/p>\n","protected":false},"excerpt":{"rendered":"<p>Escola da Zona Norte promete uma viagem no tempo cheia de nostalgia, boemia e carioquice na S\u00e9rie Ouro<\/p>\n","protected":false},"author":1,"featured_media":22892,"comment_status":"","ping_status":"open","sticky":false,"template":"","format":"standard","meta":{"colormag_page_container_layout":"default_layout","colormag_page_sidebar_layout":"default_layout","ngg_post_thumbnail":0,"footnotes":""},"categories":[38],"tags":[],"class_list":["post-22893","post","type-post","status-publish","format-standard","has-post-thumbnail","hentry","category-ouro"],"_links":{"self":[{"href":"https:\/\/roteiroscariocas.com.br\/index.php\/wp-json\/wp\/v2\/posts\/22893","targetHints":{"allow":["GET"]}}],"collection":[{"href":"https:\/\/roteiroscariocas.com.br\/index.php\/wp-json\/wp\/v2\/posts"}],"about":[{"href":"https:\/\/roteiroscariocas.com.br\/index.php\/wp-json\/wp\/v2\/types\/post"}],"author":[{"embeddable":true,"href":"https:\/\/roteiroscariocas.com.br\/index.php\/wp-json\/wp\/v2\/users\/1"}],"replies":[{"embeddable":true,"href":"https:\/\/roteiroscariocas.com.br\/index.php\/wp-json\/wp\/v2\/comments?post=22893"}],"version-history":[{"count":1,"href":"https:\/\/roteiroscariocas.com.br\/index.php\/wp-json\/wp\/v2\/posts\/22893\/revisions"}],"predecessor-version":[{"id":22973,"href":"https:\/\/roteiroscariocas.com.br\/index.php\/wp-json\/wp\/v2\/posts\/22893\/revisions\/22973"}],"wp:featuredmedia":[{"embeddable":true,"href":"https:\/\/roteiroscariocas.com.br\/index.php\/wp-json\/wp\/v2\/media\/22892"}],"wp:attachment":[{"href":"https:\/\/roteiroscariocas.com.br\/index.php\/wp-json\/wp\/v2\/media?parent=22893"}],"wp:term":[{"taxonomy":"category","embeddable":true,"href":"https:\/\/roteiroscariocas.com.br\/index.php\/wp-json\/wp\/v2\/categories?post=22893"},{"taxonomy":"post_tag","embeddable":true,"href":"https:\/\/roteiroscariocas.com.br\/index.php\/wp-json\/wp\/v2\/tags?post=22893"}],"curies":[{"name":"wp","href":"https:\/\/api.w.org\/{rel}","templated":true}]}}