{"id":22895,"date":"2026-09-03T20:38:17","date_gmt":"2026-09-03T23:38:17","guid":{"rendered":"https:\/\/roteiroscariocas.com.br\/?p=22895"},"modified":"2026-09-03T20:38:17","modified_gmt":"2026-09-03T23:38:17","slug":"cubango-aposta-na-forca-de-sua-matriarca-para-voltar-aos-tempos-de-gloria","status":"publish","type":"post","link":"https:\/\/roteiroscariocas.com.br\/index.php\/2026\/09\/03\/cubango-aposta-na-forca-de-sua-matriarca-para-voltar-aos-tempos-de-gloria\/","title":{"rendered":"Cubango aposta na for\u00e7a de sua matriarca para voltar aos tempos de gl\u00f3ria"},"content":{"rendered":"<p>A Acad\u00eamicos do Cubango j\u00e1 tem tra\u00e7ado o caminho para buscar o t\u00e3o sonhado retorno \u00e0 Marqu\u00eas de Sapuca\u00ed. A verde e branca de Niter\u00f3i vai levar para a Avenida uma homenagem emocionante a uma de suas grandes matriarcas com o enredo focado na realeza de Tia Preta, assinado pelo carnavalesco Andr\u00e9 Tabuquine. Francina da Silva Soares, carinhosamente conhecida como Tia Preta, \u00e9 uma das fundadoras da escola em 1959 e hoje comanda a ala das baianas, representando a pr\u00f3pria alma da agremia\u00e7\u00e3o.<\/p>\n<p>A narrativa do desfile promete uma bela met\u00e1fora entre os orix\u00e1s Nan\u00e3 e Obaluai\u00ea e as trajet\u00f3rias da homenageada e da pr\u00f3pria Cubango. O enredo faz uma analogia entre a lama de Nan\u00e3, de onde nasce a vida, e a terra de Obaluai\u00ea, que traz a cura, para falar sobre supera\u00e7\u00e3o. Obaluai\u00ea, que \u00e9 o padroeiro da escola, serve como inspira\u00e7\u00e3o para esse momento de reconstru\u00e7\u00e3o da Cubango, que busca transformar as dificuldades recentes em for\u00e7a para dar a volta por cima.<\/p>\n<p>Longe do Samb\u00f3dromo carioca desde 2023, a escola de Niter\u00f3i enxerga nessa homenagem uma forma de celebrar sua pr\u00f3pria ancestralidade e fortalecer a comunidade. A rela\u00e7\u00e3o de amor de Tia Preta com a escola, que ela viu nascer e ajudou a moldar, ser\u00e1 retratada como o cuidado de uma m\u00e3e que protege seu filho. Depois de bater na trave com um terceiro lugar no \u00faltimo Carnaval, a Cubango promete emocionar a passarela da Intendente Magalh\u00e3es na S\u00e9rie Prata e mostrar que sua hist\u00f3ria continua mais viva do que nunca.<\/p>\n","protected":false},"excerpt":{"rendered":"<p>Verde e branca de Niter\u00f3i vai homenagear a fundadora Tia Preta em enredo emocionante sobre cura, ancestralidade e recome\u00e7o<\/p>\n","protected":false},"author":1,"featured_media":22894,"comment_status":"","ping_status":"open","sticky":false,"template":"","format":"standard","meta":{"colormag_page_container_layout":"default_layout","colormag_page_sidebar_layout":"default_layout","ngg_post_thumbnail":0,"footnotes":""},"categories":[38],"tags":[],"class_list":["post-22895","post","type-post","status-publish","format-standard","has-post-thumbnail","hentry","category-ouro"],"_links":{"self":[{"href":"https:\/\/roteiroscariocas.com.br\/index.php\/wp-json\/wp\/v2\/posts\/22895","targetHints":{"allow":["GET"]}}],"collection":[{"href":"https:\/\/roteiroscariocas.com.br\/index.php\/wp-json\/wp\/v2\/posts"}],"about":[{"href":"https:\/\/roteiroscariocas.com.br\/index.php\/wp-json\/wp\/v2\/types\/post"}],"author":[{"embeddable":true,"href":"https:\/\/roteiroscariocas.com.br\/index.php\/wp-json\/wp\/v2\/users\/1"}],"replies":[{"embeddable":true,"href":"https:\/\/roteiroscariocas.com.br\/index.php\/wp-json\/wp\/v2\/comments?post=22895"}],"version-history":[{"count":1,"href":"https:\/\/roteiroscariocas.com.br\/index.php\/wp-json\/wp\/v2\/posts\/22895\/revisions"}],"predecessor-version":[{"id":22972,"href":"https:\/\/roteiroscariocas.com.br\/index.php\/wp-json\/wp\/v2\/posts\/22895\/revisions\/22972"}],"wp:featuredmedia":[{"embeddable":true,"href":"https:\/\/roteiroscariocas.com.br\/index.php\/wp-json\/wp\/v2\/media\/22894"}],"wp:attachment":[{"href":"https:\/\/roteiroscariocas.com.br\/index.php\/wp-json\/wp\/v2\/media?parent=22895"}],"wp:term":[{"taxonomy":"category","embeddable":true,"href":"https:\/\/roteiroscariocas.com.br\/index.php\/wp-json\/wp\/v2\/categories?post=22895"},{"taxonomy":"post_tag","embeddable":true,"href":"https:\/\/roteiroscariocas.com.br\/index.php\/wp-json\/wp\/v2\/tags?post=22895"}],"curies":[{"name":"wp","href":"https:\/\/api.w.org\/{rel}","templated":true}]}}