{"id":22900,"date":"2026-09-03T18:25:31","date_gmt":"2026-09-03T21:25:31","guid":{"rendered":"https:\/\/roteiroscariocas.com.br\/index.php\/2026\/09\/03\/unidos-do-jacarezinho-elege-valdir-by-toko-e-dona-madalena-para-a-presidencia\/"},"modified":"2026-09-03T18:25:31","modified_gmt":"2026-09-03T21:25:31","slug":"unidos-do-jacarezinho-elege-valdir-by-toko-e-dona-madalena-para-a-presidencia","status":"publish","type":"post","link":"https:\/\/roteiroscariocas.com.br\/index.php\/2026\/09\/03\/unidos-do-jacarezinho-elege-valdir-by-toko-e-dona-madalena-para-a-presidencia\/","title":{"rendered":"Unidos do Jacarezinho elege Valdir By Toko e Dona Madalena para a presid\u00eancia"},"content":{"rendered":"<p>A Unidos do Jacarezinho j\u00e1 tem oficialmente definida a dupla que estar\u00e1 \u00e0 frente dos pr\u00f3ximos anos de sua hist\u00f3ria. Em Assembleia Geral realizada na \u00faltima segunda-feira (31), Valdir By Toko foi eleito presidente da agremia\u00e7\u00e3o, ao lado de Dona Madalena, sua vice-presidente.<\/p>\n<p>A elei\u00e7\u00e3o contou com chapa \u00fanica e n\u00e3o houve inscri\u00e7\u00e3o de nenhuma outra candidatura concorrente, confirmando Valdir e Dona Madalena oficialmente no comando da Rosa e Branco do Jacarezinho.<\/p>\n<p>A nova gest\u00e3o assume a agremia\u00e7\u00e3o com a miss\u00e3o de fortalecer ainda mais a escola, estreitar os la\u00e7os com a comunidade e conduzir os pr\u00f3ximos passos da agremia\u00e7\u00e3o dentro e fora da Avenida. Em um momento de renova\u00e7\u00e3o e novos desafios, a dupla chega ao comando com o compromisso de preservar a hist\u00f3ria do Jacarezinho e, ao mesmo tempo, trabalhar pela constru\u00e7\u00e3o de novas conquistas.<\/p>\n<p>E o novo ciclo j\u00e1 tem destino certo: o Carnaval 2027, com a Unidos do Jacarezinho levando para a Avenida um enredo inspirado em Oxumar\u00ea, tendo como fio condutor conceitos como transforma\u00e7\u00e3o, renova\u00e7\u00e3o e renascimento. A proposta dialoga diretamente com o momento vivido pela agremia\u00e7\u00e3o, que se prepara para escrever mais um cap\u00edtulo de sua trajet\u00f3ria, apostando na for\u00e7a de sua comunidade e na capacidade de se reinventar.<\/p>\n<p>\u201cCom samba no p\u00e9, trabalho e olhar para o futuro, iniciamos oficialmente um novo cap\u00edtulo \u00e0 frente da Unidos do Jacarezinho, com as aten\u00e7\u00f5es voltadas para a constru\u00e7\u00e3o do Carnaval 2027\u201d, apontam Valdir e Dona Madalena.<\/p>\n","protected":false},"excerpt":{"rendered":"<p>Chapa \u00fanica assume o comando da Rosa e Branco com foco total no desfile sobre Oxumar\u00ea para o Carnaval 2027<\/p>\n","protected":false},"author":1,"featured_media":22896,"comment_status":"","ping_status":"open","sticky":false,"template":"","format":"standard","meta":{"colormag_page_container_layout":"default_layout","colormag_page_sidebar_layout":"default_layout","ngg_post_thumbnail":0,"footnotes":""},"categories":[38],"tags":[],"class_list":["post-22900","post","type-post","status-publish","format-standard","has-post-thumbnail","hentry","category-ouro"],"_links":{"self":[{"href":"https:\/\/roteiroscariocas.com.br\/index.php\/wp-json\/wp\/v2\/posts\/22900","targetHints":{"allow":["GET"]}}],"collection":[{"href":"https:\/\/roteiroscariocas.com.br\/index.php\/wp-json\/wp\/v2\/posts"}],"about":[{"href":"https:\/\/roteiroscariocas.com.br\/index.php\/wp-json\/wp\/v2\/types\/post"}],"author":[{"embeddable":true,"href":"https:\/\/roteiroscariocas.com.br\/index.php\/wp-json\/wp\/v2\/users\/1"}],"replies":[{"embeddable":true,"href":"https:\/\/roteiroscariocas.com.br\/index.php\/wp-json\/wp\/v2\/comments?post=22900"}],"version-history":[{"count":0,"href":"https:\/\/roteiroscariocas.com.br\/index.php\/wp-json\/wp\/v2\/posts\/22900\/revisions"}],"wp:featuredmedia":[{"embeddable":true,"href":"https:\/\/roteiroscariocas.com.br\/index.php\/wp-json\/wp\/v2\/media\/22896"}],"wp:attachment":[{"href":"https:\/\/roteiroscariocas.com.br\/index.php\/wp-json\/wp\/v2\/media?parent=22900"}],"wp:term":[{"taxonomy":"category","embeddable":true,"href":"https:\/\/roteiroscariocas.com.br\/index.php\/wp-json\/wp\/v2\/categories?post=22900"},{"taxonomy":"post_tag","embeddable":true,"href":"https:\/\/roteiroscariocas.com.br\/index.php\/wp-json\/wp\/v2\/tags?post=22900"}],"curies":[{"name":"wp","href":"https:\/\/api.w.org\/{rel}","templated":true}]}}