{"id":22905,"date":"2026-09-03T18:25:22","date_gmt":"2026-09-03T21:25:22","guid":{"rendered":"https:\/\/roteiroscariocas.com.br\/index.php\/2026\/09\/03\/verde-e-rosa-na-palma-da-mao-mangueira-lanca-aplicativo-oficial-para-os-fas\/"},"modified":"2026-09-03T18:25:22","modified_gmt":"2026-09-03T21:25:22","slug":"verde-e-rosa-na-palma-da-mao-mangueira-lanca-aplicativo-oficial-para-os-fas","status":"publish","type":"post","link":"https:\/\/roteiroscariocas.com.br\/index.php\/2026\/09\/03\/verde-e-rosa-na-palma-da-mao-mangueira-lanca-aplicativo-oficial-para-os-fas\/","title":{"rendered":"Verde e rosa na palma da m\u00e3o: Mangueira lan\u00e7a aplicativo oficial para os f\u00e3s"},"content":{"rendered":"<p>A Esta\u00e7\u00e3o Primeira de Mangueira d\u00e1 mais um passo na valoriza\u00e7\u00e3o da sua comunidade, com o lan\u00e7amento de seu aplicativo oficial, uma nova ferramenta criada exclusivamente para ampliar a conex\u00e3o entre a escola, seus segmentos, componentes e a torcida verde e rosa, com conforto e praticidade.<\/p>\n<p>Mais que um aplicativo, \u00e9 a plataforma digital do mangueirense. \u00c9 a viv\u00eancia de comunidade na palma da m\u00e3o, sem a pretens\u00e3o de substituir o cotidiano da escola de samba. O app pretende facilitar as experi\u00eancias como cadastro, busca de fantasia e trazer com muita exclusividade os bastidores da Esta\u00e7\u00e3o Primeira de Mangueira. A oportunidade de acessar todas as informa\u00e7\u00f5es da agremia\u00e7\u00e3o em um \u00fanico lugar \u00e9 destaque.<\/p>\n<p>A iniciativa in\u00e9dita entre as escolas de samba do Rio de Janeiro, integra o trabalho da Diretoria, incorporando inova\u00e7\u00e3o e tecnologia \u00e0 rotina e viv\u00eancias da escola, criando um canal \u00fanico que re\u00fane todas as informa\u00e7\u00f5es da agremia\u00e7\u00e3o para relacionamento com os mangueirenses, servi\u00e7os oferecidos pela Mangueira como ingressos, promo\u00e7\u00f5es da Mangueira Loja, vendas de fantasia e conte\u00fados exclusivos tamb\u00e9m poder\u00e3o ser feitos pelo app. Entre as funcionalidades previstas est\u00e3o o acesso a conte\u00fados exclusivos e bastidores do barrac\u00e3o.<\/p>\n<p>\u201cA Mangueira sai na frente mais uma vez ao apostar em inova\u00e7\u00e3o, especialmente pela possibilidade de o mangueirense participar diretamente pelo aplicativo. \u00c9 uma iniciativa que fortalece a aproxima\u00e7\u00e3o com a nossa comunidade, facilita o acesso \u00e0s informa\u00e7\u00f5es e melhora a nossa comunica\u00e7\u00e3o. Estamos utilizando a tecnologia para criar novas formas de intera\u00e7\u00e3o com a escola e tornar a experi\u00eancia de ser mangueirense cada vez mais participativa\u201d, celebra Guanayra Firmino, presidenta da agremia\u00e7\u00e3o.<\/p>\n<p>A plataforma tamb\u00e9m ser\u00e1 um espa\u00e7o de participa\u00e7\u00e3o direta da comunidade, permitindo a divulga\u00e7\u00e3o e o envolvimento em campanhas da escola, al\u00e9m de inscri\u00e7\u00f5es para segmentos, a\u00e7\u00f5es e atividades. A proposta \u00e9 facilitar o acesso \u00e0s informa\u00e7\u00f5es e, ao mesmo tempo, estimular uma rela\u00e7\u00e3o cada vez mais pr\u00f3xima e participativa entre a Mangueira e seu p\u00fablico.<\/p>\n<p>\u201cO lan\u00e7amento refor\u00e7a o nosso compromisso com a inova\u00e7\u00e3o, a transforma\u00e7\u00e3o digital e a cria\u00e7\u00e3o de novas experi\u00eancias baseada em e para quem vive a Mangueira. O aplicativo nasce como uma plataforma comunit\u00e1ria digital para integrar diferentes \u00e1reas da escola e ampliar a participa\u00e7\u00e3o de mangueirenses na constru\u00e7\u00e3o do cotidiano da agremia\u00e7\u00e3o\u201d, enfatiza Guanayra.<\/p>\n<p>Com a novidade, a Mangueira se destaca na vanguarda das transforma\u00e7\u00f5es digitais no Carnaval, sem perder a sua ess\u00eancia de ser a Primeira Esta\u00e7\u00e3o, utilizando a tecnologia como aliada para preservar sua identidade, fortalecer seus v\u00ednculos e criar novas possibilidades de intera\u00e7\u00e3o com a escola.<\/p>\n","protected":false},"excerpt":{"rendered":"<p>Iniciativa in\u00e9dita no Carnaval carioca traz bastidores, venda de fantasias e servi\u00e7os exclusivos em um s\u00f3 lugar<\/p>\n","protected":false},"author":1,"featured_media":22901,"comment_status":"","ping_status":"open","sticky":false,"template":"","format":"standard","meta":{"colormag_page_container_layout":"default_layout","colormag_page_sidebar_layout":"default_layout","ngg_post_thumbnail":0,"footnotes":""},"categories":[37,40],"tags":[],"class_list":["post-22905","post","type-post","status-publish","format-standard","has-post-thumbnail","hentry","category-especial","category-hot"],"_links":{"self":[{"href":"https:\/\/roteiroscariocas.com.br\/index.php\/wp-json\/wp\/v2\/posts\/22905","targetHints":{"allow":["GET"]}}],"collection":[{"href":"https:\/\/roteiroscariocas.com.br\/index.php\/wp-json\/wp\/v2\/posts"}],"about":[{"href":"https:\/\/roteiroscariocas.com.br\/index.php\/wp-json\/wp\/v2\/types\/post"}],"author":[{"embeddable":true,"href":"https:\/\/roteiroscariocas.com.br\/index.php\/wp-json\/wp\/v2\/users\/1"}],"replies":[{"embeddable":true,"href":"https:\/\/roteiroscariocas.com.br\/index.php\/wp-json\/wp\/v2\/comments?post=22905"}],"version-history":[{"count":0,"href":"https:\/\/roteiroscariocas.com.br\/index.php\/wp-json\/wp\/v2\/posts\/22905\/revisions"}],"wp:featuredmedia":[{"embeddable":true,"href":"https:\/\/roteiroscariocas.com.br\/index.php\/wp-json\/wp\/v2\/media\/22901"}],"wp:attachment":[{"href":"https:\/\/roteiroscariocas.com.br\/index.php\/wp-json\/wp\/v2\/media?parent=22905"}],"wp:term":[{"taxonomy":"category","embeddable":true,"href":"https:\/\/roteiroscariocas.com.br\/index.php\/wp-json\/wp\/v2\/categories?post=22905"},{"taxonomy":"post_tag","embeddable":true,"href":"https:\/\/roteiroscariocas.com.br\/index.php\/wp-json\/wp\/v2\/tags?post=22905"}],"curies":[{"name":"wp","href":"https:\/\/api.w.org\/{rel}","templated":true}]}}