{"id":22913,"date":"2026-09-03T17:01:54","date_gmt":"2026-09-03T20:01:54","guid":{"rendered":"https:\/\/roteiroscariocas.com.br\/index.php\/2026\/09\/03\/vila-isabel-escolhe-os-finalistas-do-samba-para-o-carnaval-2027-nesta-sexta\/"},"modified":"2026-09-03T17:01:54","modified_gmt":"2026-09-03T20:01:54","slug":"vila-isabel-escolhe-os-finalistas-do-samba-para-o-carnaval-2027-nesta-sexta","status":"publish","type":"post","link":"https:\/\/roteiroscariocas.com.br\/index.php\/2026\/09\/03\/vila-isabel-escolhe-os-finalistas-do-samba-para-o-carnaval-2027-nesta-sexta\/","title":{"rendered":"Vila Isabel escolhe os finalistas do samba para o Carnaval 2027 nesta sexta"},"content":{"rendered":"<p>Unidos de Vila Isabel define semifinalistas da disputa de samba-enredo nesta sexta-feira (4)<\/p>\n<p>Tr\u00eas parcerias se apresentam na quadra da escola em busca de uma vaga na grande final, marcada para o dia 11 de setembro<\/p>\n<p>A Unidos de Vila Isabel realiza, nesta sexta-feira (4), a semifinal de sua disputa de samba-enredo para o Carnaval 2027. Ap\u00f3s duas eliminat\u00f3rias, tr\u00eas parcerias seguem na competi\u00e7\u00e3o e sobem ao palco da quadra da escola para apresentar suas obras em busca de uma vaga na grande final.<\/p>\n<p>Para o pr\u00f3ximo Carnaval, a Vila Isabel levar\u00e1 para a Marqu\u00eas de Sapuca\u00ed o enredo \u201cTorto Arado: Sobre a terra h\u00e1 de viver sempre o mais forte\u201d, inspirado na obra de Itamar Vieira Junior. O projeto \u00e9 desenvolvido pelos carnavalescos Gabriel Haddad e Leonardo Bora, em parceria com o pesquisador Vinicius Natal.<\/p>\n<p>A semifinal re\u00fane tr\u00eas sambas classificados, que ser\u00e3o apresentados na seguinte ordem:<\/p>\n<p>Samba 1, Paulo C\u00e9sar Feital, Gustavinho Oliveira, Thales Nunes, Danilo Garcia, J\u00falio Alves, Marcelo Martins e Gabriel Sim\u00f5es.<\/p>\n<p>Samba 2, Ricardo Mendon\u00e7a, Jarbas Bittencourt, Diego Nicolau, Diego Jorge, Aldir Senna, Ant\u00f4nio Pontes e Gigi da Estiva.<\/p>\n<p>Samba 3, Martinho da Vila, Evandro Boc\u00e3o e Andr\u00e9 Diniz.<\/p>\n<p>A grande final da disputa acontece no dia 11 de setembro, quando ser\u00e1 definido o samba-enredo que ir\u00e1 embalar o desfile da Unidos de Vila Isabel na Marqu\u00eas de Sapuca\u00ed no Carnaval 2027.<\/p>\n<p>No pr\u00f3ximo Carnaval, a escola ser\u00e1 a quarta a desfilar no domingo, dia 7 de fevereiro, pelo Grupo Especial.<\/p>\n<p>Servi\u00e7o<br \/>Semifinal da disputa de samba-enredo da Unidos de Vila Isabel<br \/>Data: sexta-feira, 4 de setembro<br \/>Hor\u00e1rio: 22h<br \/>Entrada: gratuita at\u00e9 meia-noite; ap\u00f3s, R$ 20<br \/>Local: Quadra da Unidos de Vila Isabel, Boulevard 28 de Setembro, 382, Vila Isabel, Rio de Janeiro<br \/>Jorge Lima \u2022 assessoria de imprensa<br \/>\ud83d\udcde+55 22 99902-0106<\/p>\n<figure class=\"wp-block-image size-large\"><img decoding=\"async\" src=\"https:\/\/roteiroscariocas.com.br\/wp-content\/uploads\/2026\/09\/vila-isabel-escolhe-os-finalistas-do-samba-para-o-carnaval-2027-nesta-sexta-corpo1.jpg\" alt=\"Vila Isabel escolhe os finalistas do samba para o Carnaval 2027 nesta sexta\"\/><\/figure>\n","protected":false},"excerpt":{"rendered":"<p>Tr\u00eas parcerias disputam as vagas na quadra da azul e branco para cantar o enredo inspirado no livro Torto Arado<\/p>\n","protected":false},"author":1,"featured_media":22908,"comment_status":"","ping_status":"open","sticky":false,"template":"","format":"standard","meta":{"colormag_page_container_layout":"default_layout","colormag_page_sidebar_layout":"default_layout","ngg_post_thumbnail":0,"footnotes":""},"categories":[37,40],"tags":[],"class_list":["post-22913","post","type-post","status-publish","format-standard","has-post-thumbnail","hentry","category-especial","category-hot"],"_links":{"self":[{"href":"https:\/\/roteiroscariocas.com.br\/index.php\/wp-json\/wp\/v2\/posts\/22913","targetHints":{"allow":["GET"]}}],"collection":[{"href":"https:\/\/roteiroscariocas.com.br\/index.php\/wp-json\/wp\/v2\/posts"}],"about":[{"href":"https:\/\/roteiroscariocas.com.br\/index.php\/wp-json\/wp\/v2\/types\/post"}],"author":[{"embeddable":true,"href":"https:\/\/roteiroscariocas.com.br\/index.php\/wp-json\/wp\/v2\/users\/1"}],"replies":[{"embeddable":true,"href":"https:\/\/roteiroscariocas.com.br\/index.php\/wp-json\/wp\/v2\/comments?post=22913"}],"version-history":[{"count":0,"href":"https:\/\/roteiroscariocas.com.br\/index.php\/wp-json\/wp\/v2\/posts\/22913\/revisions"}],"wp:featuredmedia":[{"embeddable":true,"href":"https:\/\/roteiroscariocas.com.br\/index.php\/wp-json\/wp\/v2\/media\/22908"}],"wp:attachment":[{"href":"https:\/\/roteiroscariocas.com.br\/index.php\/wp-json\/wp\/v2\/media?parent=22913"}],"wp:term":[{"taxonomy":"category","embeddable":true,"href":"https:\/\/roteiroscariocas.com.br\/index.php\/wp-json\/wp\/v2\/categories?post=22913"},{"taxonomy":"post_tag","embeddable":true,"href":"https:\/\/roteiroscariocas.com.br\/index.php\/wp-json\/wp\/v2\/tags?post=22913"}],"curies":[{"name":"wp","href":"https:\/\/api.w.org\/{rel}","templated":true}]}}