{"id":22918,"date":"2026-09-03T16:17:10","date_gmt":"2026-09-03T19:17:10","guid":{"rendered":"https:\/\/roteiroscariocas.com.br\/index.php\/2026\/09\/03\/imperio-da-tijuca-ja-tem-data-para-apresentar-o-samba-de-2027-sobre-anastacia\/"},"modified":"2026-09-03T16:17:10","modified_gmt":"2026-09-03T19:17:10","slug":"imperio-da-tijuca-ja-tem-data-para-apresentar-o-samba-de-2027-sobre-anastacia","status":"publish","type":"post","link":"https:\/\/roteiroscariocas.com.br\/index.php\/2026\/09\/03\/imperio-da-tijuca-ja-tem-data-para-apresentar-o-samba-de-2027-sobre-anastacia\/","title":{"rendered":"Imp\u00e9rio da Tijuca j\u00e1 tem data para apresentar o samba de 2027 sobre Anast\u00e1cia"},"content":{"rendered":"<p>Tudo bem?<\/p>\n<p>Rumo ao carnaval 2027, o Imp\u00e9rio da Tijuca anunciar\u00e1 seu samba enredo em 13\/09.<\/p>\n<p>Segue abaixo o release preparado pela equipe de comunica\u00e7\u00e3o da escola. Contamos com sua parceria para a divulga\u00e7\u00e3o dessa novidade t\u00e3o especial para nossa agremia\u00e7\u00e3o.<\/p>\n<p>Conseguimos repercutir?<\/p>\n<p>Pe\u00e7o que, ap\u00f3s a publica\u00e7\u00e3o, por gentileza, nos envie o link para que possamos incluir no nosso clipping de imprensa.<\/p>\n<p>Agradecemos desde j\u00e1 pelo apoio de sempre!<\/p>\n<p>Atenciosamente<\/p>\n<p>Angelica Sixel<br \/>Assessoria de Imprensa, 21 969863246<\/p>\n<p>Instagram da escola para marca\u00e7\u00f5es e collab :<br \/>https:\/\/www.instagram.com\/imperiodatijucaoficial\/<\/p>\n<p>Release :<\/p>\n<p>Imp\u00e9rio da Tijuca prepara lan\u00e7amento do samba-enredo para o Carnaval 2027<\/p>\n<p>O G.R.E.S.E. Imp\u00e9rio da Tijuca est\u00e1 preparando uma tarde de samba para apresentar oficialmente o samba-enredo que conduzir\u00e1 a escola no Carnaval 2027. No dia 13 de setembro, a comunidade do primeiro Imp\u00e9rio do Samba se re\u00fane na quadra da agremia\u00e7\u00e3o, no Morro da Formiga, para conhecer a obra que dar\u00e1 voz ao enredo \u201cAnast\u00e1cia\u201d.<\/p>\n<p>Para o pr\u00f3ximo Carnaval, a escola volta seu olhar para a hist\u00f3ria de Anast\u00e1cia, mulher escravizada que viveu no s\u00e9culo XVIII e que se tornou, ao longo dos anos, uma figura de resist\u00eancia e mem\u00f3ria. Sua hist\u00f3ria, marcada pela viol\u00eancia do per\u00edodo da escravid\u00e3o, atravessou gera\u00e7\u00f5es e permanece presente no imagin\u00e1rio popular brasileiro.<\/p>\n<p>Para transformar essa hist\u00f3ria em samba, a obra foi encomendada a Cl\u00e1udio Russo, Andr\u00e9 Russo, Diogo Stanley, Gabriel Soares e Juan Briggs, compositores que acumulam no curr\u00edculo grandes sambas do Carnaval carioca. A escolha do grupo faz parte da proposta da agremia\u00e7\u00e3o de contar a hist\u00f3ria de Anast\u00e1cia por meio de uma obra que dialogue com a for\u00e7a e a dimens\u00e3o cultural do enredo.<\/p>\n<p>A partir dessa hist\u00f3ria, a escola constr\u00f3i seu Carnaval para 2027, propondo uma leitura sobre a trajet\u00f3ria de Anast\u00e1cia e as quest\u00f5es que permanecem presentes quando sua hist\u00f3ria \u00e9 revisitada.<\/p>\n<p>\u201cEsse \u00e9 um Carnaval que nasce de uma hist\u00f3ria muito forte. Estamos preparando cada detalhe com carinho e respeito \u00e0 trajet\u00f3ria de Anast\u00e1cia\u201d, afirma o presidente Thiago Carvalho.<\/p>\n<p>O lan\u00e7amento marca mais uma etapa da prepara\u00e7\u00e3o do Imp\u00e9rio da Tijuca para o Carnaval 2027.<\/p>\n<p>\ud83d\udcc5 *13 de setembro de 2026 \u00e0s 17h*<br \/>\ud83d\udccd *Quadra do Imp\u00e9rio da Tijuca, Morro da Formiga*<\/p>\n","protected":false},"excerpt":{"rendered":"<p>Primeiro Imp\u00e9rio do Samba encomendou a obra para um time de peso e faz festa na quadra no dia 13 de setembro<\/p>\n","protected":false},"author":1,"featured_media":22914,"comment_status":"","ping_status":"open","sticky":false,"template":"","format":"standard","meta":{"colormag_page_container_layout":"default_layout","colormag_page_sidebar_layout":"default_layout","ngg_post_thumbnail":0,"footnotes":""},"categories":[37,40],"tags":[],"class_list":["post-22918","post","type-post","status-publish","format-standard","has-post-thumbnail","hentry","category-especial","category-hot"],"_links":{"self":[{"href":"https:\/\/roteiroscariocas.com.br\/index.php\/wp-json\/wp\/v2\/posts\/22918","targetHints":{"allow":["GET"]}}],"collection":[{"href":"https:\/\/roteiroscariocas.com.br\/index.php\/wp-json\/wp\/v2\/posts"}],"about":[{"href":"https:\/\/roteiroscariocas.com.br\/index.php\/wp-json\/wp\/v2\/types\/post"}],"author":[{"embeddable":true,"href":"https:\/\/roteiroscariocas.com.br\/index.php\/wp-json\/wp\/v2\/users\/1"}],"replies":[{"embeddable":true,"href":"https:\/\/roteiroscariocas.com.br\/index.php\/wp-json\/wp\/v2\/comments?post=22918"}],"version-history":[{"count":0,"href":"https:\/\/roteiroscariocas.com.br\/index.php\/wp-json\/wp\/v2\/posts\/22918\/revisions"}],"wp:featuredmedia":[{"embeddable":true,"href":"https:\/\/roteiroscariocas.com.br\/index.php\/wp-json\/wp\/v2\/media\/22914"}],"wp:attachment":[{"href":"https:\/\/roteiroscariocas.com.br\/index.php\/wp-json\/wp\/v2\/media?parent=22918"}],"wp:term":[{"taxonomy":"category","embeddable":true,"href":"https:\/\/roteiroscariocas.com.br\/index.php\/wp-json\/wp\/v2\/categories?post=22918"},{"taxonomy":"post_tag","embeddable":true,"href":"https:\/\/roteiroscariocas.com.br\/index.php\/wp-json\/wp\/v2\/tags?post=22918"}],"curies":[{"name":"wp","href":"https:\/\/api.w.org\/{rel}","templated":true}]}}