{"id":22926,"date":"2026-09-03T15:43:08","date_gmt":"2026-09-03T18:43:08","guid":{"rendered":"https:\/\/roteiroscariocas.com.br\/index.php\/2026\/09\/03\/quer-brilhar-na-sapucai-academicos-de-niteroi-abre-audicao-para-passistas\/"},"modified":"2026-09-03T15:43:08","modified_gmt":"2026-09-03T18:43:08","slug":"quer-brilhar-na-sapucai-academicos-de-niteroi-abre-audicao-para-passistas","status":"publish","type":"post","link":"https:\/\/roteiroscariocas.com.br\/index.php\/2026\/09\/03\/quer-brilhar-na-sapucai-academicos-de-niteroi-abre-audicao-para-passistas\/","title":{"rendered":"Quer brilhar na Sapuca\u00ed? Acad\u00eamicos de Niter\u00f3i abre audi\u00e7\u00e3o para passistas"},"content":{"rendered":"<p>A Acad\u00eamicos de Niter\u00f3i promover\u00e1 uma audi\u00e7\u00e3o para a ala de passistas da escola. Os interessados devem realizar sua inscri\u00e7\u00e3o atrav\u00e9s do link https:\/\/forms.gle\/CVMh62bs41Mzkahv8 e comparecer no Clube Fluminensinho no dia 9 de setembro, \u00e0s 19h30.<\/p>\n<p>Para a audi\u00e7\u00e3o \u00e9 recomendado roupas leves e confort\u00e1veis. Para mais informa\u00e7\u00f5es ou d\u00favidas, os interessados devem entrar em contato atrav\u00e9s do perfil @passistasdaniteroi<\/p>\n<p>Em 2027 a Acad\u00eamicos de Niter\u00f3i ser\u00e1 a 5\u00aa escola a desfilar na sexta-feira de carnaval, dia 05 de fevereiro. A azul e branca da cidade sorriso levar\u00e1 para a Marqu\u00eas de Sapuca\u00ed o enredo &#8220;A Rosa do Imposs\u00edvel&#8221;.<\/p>\n<figure class=\"wp-block-image size-large\"><img decoding=\"async\" src=\"https:\/\/roteiroscariocas.com.br\/wp-content\/uploads\/2026\/09\/quer-brilhar-na-sapucai-academicos-de-niteroi-abre-audicao-para-passistas-corpo1.jpg\" alt=\"Quer brilhar na Sapuca\u00ed? Acad\u00eamicos de Niter\u00f3i abre audi\u00e7\u00e3o para passistas\"\/><\/figure>\n<figure class=\"wp-block-image size-large\"><img decoding=\"async\" src=\"https:\/\/roteiroscariocas.com.br\/wp-content\/uploads\/2026\/09\/quer-brilhar-na-sapucai-academicos-de-niteroi-abre-audicao-para-passistas-corpo2.jpg\" alt=\"Quer brilhar na Sapuca\u00ed? Acad\u00eamicos de Niter\u00f3i abre audi\u00e7\u00e3o para passistas\"\/><\/figure>\n","protected":false},"excerpt":{"rendered":"<p>Inscri\u00e7\u00f5es j\u00e1 est\u00e3o abertas para quem quer defender o pavilh\u00e3o azul e branco no Carnaval de 2027<\/p>\n","protected":false},"author":1,"featured_media":22919,"comment_status":"","ping_status":"open","sticky":false,"template":"","format":"standard","meta":{"colormag_page_container_layout":"default_layout","colormag_page_sidebar_layout":"default_layout","ngg_post_thumbnail":0,"footnotes":""},"categories":[38],"tags":[],"class_list":["post-22926","post","type-post","status-publish","format-standard","has-post-thumbnail","hentry","category-ouro"],"_links":{"self":[{"href":"https:\/\/roteiroscariocas.com.br\/index.php\/wp-json\/wp\/v2\/posts\/22926","targetHints":{"allow":["GET"]}}],"collection":[{"href":"https:\/\/roteiroscariocas.com.br\/index.php\/wp-json\/wp\/v2\/posts"}],"about":[{"href":"https:\/\/roteiroscariocas.com.br\/index.php\/wp-json\/wp\/v2\/types\/post"}],"author":[{"embeddable":true,"href":"https:\/\/roteiroscariocas.com.br\/index.php\/wp-json\/wp\/v2\/users\/1"}],"replies":[{"embeddable":true,"href":"https:\/\/roteiroscariocas.com.br\/index.php\/wp-json\/wp\/v2\/comments?post=22926"}],"version-history":[{"count":0,"href":"https:\/\/roteiroscariocas.com.br\/index.php\/wp-json\/wp\/v2\/posts\/22926\/revisions"}],"wp:featuredmedia":[{"embeddable":true,"href":"https:\/\/roteiroscariocas.com.br\/index.php\/wp-json\/wp\/v2\/media\/22919"}],"wp:attachment":[{"href":"https:\/\/roteiroscariocas.com.br\/index.php\/wp-json\/wp\/v2\/media?parent=22926"}],"wp:term":[{"taxonomy":"category","embeddable":true,"href":"https:\/\/roteiroscariocas.com.br\/index.php\/wp-json\/wp\/v2\/categories?post=22926"},{"taxonomy":"post_tag","embeddable":true,"href":"https:\/\/roteiroscariocas.com.br\/index.php\/wp-json\/wp\/v2\/tags?post=22926"}],"curies":[{"name":"wp","href":"https:\/\/api.w.org\/{rel}","templated":true}]}}