{"id":22936,"date":"2026-09-03T14:38:54","date_gmt":"2026-09-03T17:38:54","guid":{"rendered":"https:\/\/roteiroscariocas.com.br\/index.php\/2026\/09\/03\/salgueiro-do-amanha-aprendizes-elege-nova-corte-da-furiosinha-em-festa-na-quadra\/"},"modified":"2026-09-03T14:38:54","modified_gmt":"2026-09-03T17:38:54","slug":"salgueiro-do-amanha-aprendizes-elege-nova-corte-da-furiosinha-em-festa-na-quadra","status":"publish","type":"post","link":"https:\/\/roteiroscariocas.com.br\/index.php\/2026\/09\/03\/salgueiro-do-amanha-aprendizes-elege-nova-corte-da-furiosinha-em-festa-na-quadra\/","title":{"rendered":"Salgueiro do amanh\u00e3: Aprendizes elege nova Corte da Furiosinha em festa na quadra"},"content":{"rendered":"<p>A quadra do Salgueiro ficou lotada na noite desta quarta-feira (2) para a escolha da nova Corte da Furiosinha, bateria do Aprendizes do Salgueiro. Entre 17 candidatas, foram escolhidas Maria Clarah Ra\u00edz, de 12 anos, Maria Fernanda Castilho Villela, de 9, e Maria Luiza Morenah Andrade dos Santos, de 16.<\/p>\n<p>A noite reuniu familiares, amigos e integrantes da comunidade em uma celebra\u00e7\u00e3o ao samba e \u00e0s novas gera\u00e7\u00f5es que crescem dentro da escola.<\/p>\n<p>Para Mara Rosa, presidente do Aprendizes do Salgueiro, o momento representa muito mais do que a escolha de uma Corte.<\/p>\n<p>\u201cEstamos falando de crian\u00e7as e adolescentes que est\u00e3o construindo, desde cedo, uma rela\u00e7\u00e3o de amor e respeito com o samba. A Corte da Furiosinha representa alegria, pertencimento, dedica\u00e7\u00e3o e a continuidade da nossa cultura. Mais do que escolher uma Corte, estamos celebrando hist\u00f3rias, sonhos e uma nova gera\u00e7\u00e3o que come\u00e7a a escrever seu pr\u00f3prio cap\u00edtulo dentro do Salgueiro.\u201d<\/p>\n<p>As tr\u00eas escolhidas carregam diferentes hist\u00f3rias de liga\u00e7\u00e3o com o samba. Maria Clarah cresceu em uma fam\u00edlia salgueirense e chegou ao projeto Samba no P\u00e9 incentivada pela tia, integrante da Velha Guarda. Hoje, al\u00e9m de passista do Aprendizes, integra a Ala Jovem e representa a escola em eventos.<\/p>\n<p>Maria Fernanda come\u00e7ou no Aprendizes em 2023, tamb\u00e9m pelo projeto Samba no P\u00e9, e h\u00e1 tr\u00eas anos desfila na Ala das Passistas. J\u00e1 Maria Luiza nasceu no samba, seus pais se conheceram na quadra do Salgueiro, o pai \u00e9 ritmista da Furiosa e a m\u00e3e desfilou gr\u00e1vida de oito meses dela.<\/p>\n<p>A escolha contou ainda com uma mesa formada por Mara Rosa, Fabiana, diretora de Carnaval, Gustavo, vice-presidente e mestre de bateria da Furiosa, Jessica Bonfim diretora da ala de pasistas do Aprendizes e Luara, instrutora de samba no p\u00e9. O j\u00fari foi composto pelas musas do Salgueiro Anna Fl\u00e1via, Bruna Esquenta, Bianca Salgueiro, Rebecca. Pedro Gaspar e Marcinho, core\u00f3grafo da comiss\u00e3o de frente da Imperatriz tamb\u00e9m fizeram parte do j\u00fari.<\/p>\n<p>A nova Corte ter\u00e1 a miss\u00e3o de representar a Furiosinha ao longo do pr\u00f3ximo reinado, vivendo novas experi\u00eancias e fortalecendo o v\u00ednculo das crian\u00e7as e adolescentes com o samba e com o Salgueiro.<\/p>\n<figure class=\"wp-block-image size-large\"><img decoding=\"async\" src=\"https:\/\/roteiroscariocas.com.br\/wp-content\/uploads\/2026\/09\/salgueiro-do-amanha-aprendizes-elege-nova-corte-da-furiosinha-em-festa-na-quadra-corpo1.jpg\" alt=\"Salgueiro do amanh\u00e3: Aprendizes elege nova Corte da Furiosinha em festa na quadra\"\/><\/figure>\n<figure class=\"wp-block-image size-large\"><img decoding=\"async\" src=\"https:\/\/roteiroscariocas.com.br\/wp-content\/uploads\/2026\/09\/salgueiro-do-amanha-aprendizes-elege-nova-corte-da-furiosinha-em-festa-na-quadra-corpo2.jpg\" alt=\"Salgueiro do amanh\u00e3: Aprendizes elege nova Corte da Furiosinha em festa na quadra\"\/><\/figure>\n<figure class=\"wp-block-image size-large\"><img decoding=\"async\" src=\"https:\/\/roteiroscariocas.com.br\/wp-content\/uploads\/2026\/09\/salgueiro-do-amanha-aprendizes-elege-nova-corte-da-furiosinha-em-festa-na-quadra-corpo3.jpg\" alt=\"Salgueiro do amanh\u00e3: Aprendizes elege nova Corte da Furiosinha em festa na quadra\"\/><\/figure>\n","protected":false},"excerpt":{"rendered":"<p>Tr\u00eas jovens passistas foram escolhidas para representar a bateria mirim da vermelha e branca no pr\u00f3ximo Carnaval<\/p>\n","protected":false},"author":1,"featured_media":22927,"comment_status":"","ping_status":"open","sticky":false,"template":"","format":"standard","meta":{"colormag_page_container_layout":"default_layout","colormag_page_sidebar_layout":"default_layout","ngg_post_thumbnail":0,"footnotes":""},"categories":[37,40],"tags":[],"class_list":["post-22936","post","type-post","status-publish","format-standard","has-post-thumbnail","hentry","category-especial","category-hot"],"_links":{"self":[{"href":"https:\/\/roteiroscariocas.com.br\/index.php\/wp-json\/wp\/v2\/posts\/22936","targetHints":{"allow":["GET"]}}],"collection":[{"href":"https:\/\/roteiroscariocas.com.br\/index.php\/wp-json\/wp\/v2\/posts"}],"about":[{"href":"https:\/\/roteiroscariocas.com.br\/index.php\/wp-json\/wp\/v2\/types\/post"}],"author":[{"embeddable":true,"href":"https:\/\/roteiroscariocas.com.br\/index.php\/wp-json\/wp\/v2\/users\/1"}],"replies":[{"embeddable":true,"href":"https:\/\/roteiroscariocas.com.br\/index.php\/wp-json\/wp\/v2\/comments?post=22936"}],"version-history":[{"count":0,"href":"https:\/\/roteiroscariocas.com.br\/index.php\/wp-json\/wp\/v2\/posts\/22936\/revisions"}],"wp:featuredmedia":[{"embeddable":true,"href":"https:\/\/roteiroscariocas.com.br\/index.php\/wp-json\/wp\/v2\/media\/22927"}],"wp:attachment":[{"href":"https:\/\/roteiroscariocas.com.br\/index.php\/wp-json\/wp\/v2\/media?parent=22936"}],"wp:term":[{"taxonomy":"category","embeddable":true,"href":"https:\/\/roteiroscariocas.com.br\/index.php\/wp-json\/wp\/v2\/categories?post=22936"},{"taxonomy":"post_tag","embeddable":true,"href":"https:\/\/roteiroscariocas.com.br\/index.php\/wp-json\/wp\/v2\/tags?post=22936"}],"curies":[{"name":"wp","href":"https:\/\/api.w.org\/{rel}","templated":true}]}}