{"id":22941,"date":"2026-09-03T14:36:57","date_gmt":"2026-09-03T17:36:57","guid":{"rendered":"https:\/\/roteiroscariocas.com.br\/index.php\/2026\/09\/03\/paulo-barros-e-marcelo-misailidis-reunem-70-bailarinos-para-a-milenio\/"},"modified":"2026-09-03T14:36:57","modified_gmt":"2026-09-03T17:36:57","slug":"paulo-barros-e-marcelo-misailidis-reunem-70-bailarinos-para-a-milenio","status":"publish","type":"post","link":"https:\/\/roteiroscariocas.com.br\/index.php\/2026\/09\/03\/paulo-barros-e-marcelo-misailidis-reunem-70-bailarinos-para-a-milenio\/","title":{"rendered":"Paulo Barros e Marcelo Misailidis re\u00fanem 70 bailarinos para a Mil\u00eanio"},"content":{"rendered":"<p>Ol\u00e1, boa tarde.<\/p>\n<p>Tudo bem?<\/p>\n<p>Segue uma sugest\u00e3o de pauta bem legal. Interessa?<\/p>\n<p><strong>Estrela do Terceiro Mil\u00eanio renova Comiss\u00e3o de Frente para o Carnaval 2027 com elenco que une dan\u00e7a e teatro<\/strong><\/p>\n<p><em>Audi\u00e7\u00e3o no Est\u00fadio Broadway, em S\u00e3o Paulo, reuniu 70 bailarinos e marcou o reencontro de Paulo Barros e Marcelo Misailidis, que voltam a trabalhar juntos 17 anos ap\u00f3s primeira parceria na Vila Isabel<\/em><\/p>\n<p>A Estrela do Terceiro Mil\u00eanio deu o primeiro passo para construir sua nova Comiss\u00e3o de Frente para o Carnaval 2027. Na noite desta ter\u00e7a-feira (1\u00ba), 70 bailarinos participaram da audi\u00e7\u00e3o realizada no Est\u00fadio Broadway, em S\u00e3o Paulo para a forma\u00e7\u00e3o do elenco que representar\u00e1 a escola no pr\u00f3ximo desfile. A proposta \u00e9 reunir artistas com diferentes habilidades e apostar na combina\u00e7\u00e3o entre dan\u00e7a, teatro e interpreta\u00e7\u00e3o.<\/p>\n<p>O trabalho ser\u00e1 comandado pelo core\u00f3grafo Marcelo Misailidis, em parceria com R\u00e9gis Santos, e pelo carnavalesco Paulo Barros. A nova Comiss\u00e3o de Frente nasce com a proposta de explorar a versatilidade dos integrantes e ampliar as possibilidades c\u00eanicas do quesito, criando uma apresenta\u00e7\u00e3o em que movimento, interpreta\u00e7\u00e3o e narrativa caminhem juntos.<\/p>\n<p>A audi\u00e7\u00e3o tamb\u00e9m marcou um reencontro especial. Marcelo Misailidis e Paulo Barros voltam a trabalhar juntos 17 anos depois da primeira parceria entre os dois, no Carnaval de 2009, na Unidos de Vila Isabel. Agora, a dupla retoma a colabora\u00e7\u00e3o em um novo projeto, desta vez defendendo as cores da Estrela do Terceiro Mil\u00eanio.<\/p>\n<p>Mais do que selecionar bailarinos tecnicamente preparados, a audi\u00e7\u00e3o buscou artistas com capacidade de interpreta\u00e7\u00e3o, presen\u00e7a c\u00eanica e disponibilidade para transitar por diferentes linguagens. A inten\u00e7\u00e3o \u00e9 que os seis componentes tenham atua\u00e7\u00e3o ativa na constru\u00e7\u00e3o da narrativa, explorando diferentes possibilidades dentro da cena.<\/p>\n<p>\u201cA gente est\u00e1 buscando artistas que entendam que uma Comiss\u00e3o de Frente vai muito al\u00e9m da dan\u00e7a. Precisamos de int\u00e9rpretes capazes de contar uma hist\u00f3ria com o corpo, com o olhar e com a presen\u00e7a c\u00eanica. Reencontrar o Paulo nesse momento, depois de tantos anos, tamb\u00e9m torna esse trabalho muito especial. Temos uma linguagem que j\u00e1 conhecemos, mas agora com a possibilidade de experimentar novos caminhos e construir algo muito potente para a Estrela do Terceiro Mil\u00eanio\u201d, afirma Marcelo Misailidis.<\/p>\n<p>Para R\u00e9gis Santos, a diversidade art\u00edstica encontrada durante a audi\u00e7\u00e3o amplia as possibilidades para a cria\u00e7\u00e3o do trabalho: \u201cTivemos v\u00e1rias etapas de audi\u00e7\u00e3o, com pessoas de potencial art\u00edstico plural e muito interessante. Estou com uma expectativa muito positiva deste trabalho. Quando penso em juntar o meu trabalho, junto ao samba c\u00eanico, nas artes teatrais, e a dan\u00e7a que o Misailidis agrega, e \u00e0s ideias de Paulo Barros, acho que teremos grandes surpresas. Estamos fazendo tudo com muito amor, e isso me leva a crer que a expertise dos profissionais envolvidos far\u00e1 este trabalho ser singular\u201d, explica o core\u00f3grafo e diretor teatral.<\/p>\n<p>O reencontro entre Paulo Barros e Marcelo Misailidis tamb\u00e9m resgata uma parceria iniciada no Carnaval carioca e que agora ganha um novo cap\u00edtulo em S\u00e3o Paulo. Ao longo dos anos, os dois constru\u00edram trajet\u00f3rias marcadas pela inova\u00e7\u00e3o e pela valoriza\u00e7\u00e3o da Comiss\u00e3o de Frente como espa\u00e7o de experimenta\u00e7\u00e3o art\u00edstica e narrativa.<\/p>\n<p>Com o processo de sele\u00e7\u00e3o iniciado, a equipe parte agora para a prepara\u00e7\u00e3o do elenco que estar\u00e1 na avenida em 2027. Os detalhes da apresenta\u00e7\u00e3o s\u00e3o mantidos em sigilo, mas a promessa \u00e9 de uma Comiss\u00e3o de Frente constru\u00edda a partir da uni\u00e3o entre t\u00e9cnica, interpreta\u00e7\u00e3o e criatividade e que pretende surpreender o p\u00fablico com o encontro de diferentes linguagens art\u00edsticas.<\/p>\n<p>Att,<br \/>Juliana Marins<\/p>\n","protected":false},"excerpt":{"rendered":"<p>Dupla retoma parceria hist\u00f3rica ap\u00f3s 17 anos e realiza audi\u00e7\u00e3o para a comiss\u00e3o de frente do Carnaval 2027<\/p>\n","protected":false},"author":1,"featured_media":22937,"comment_status":"","ping_status":"open","sticky":false,"template":"","format":"standard","meta":{"colormag_page_container_layout":"default_layout","colormag_page_sidebar_layout":"default_layout","ngg_post_thumbnail":0,"footnotes":""},"categories":[37,40],"tags":[],"class_list":["post-22941","post","type-post","status-publish","format-standard","has-post-thumbnail","hentry","category-especial","category-hot"],"_links":{"self":[{"href":"https:\/\/roteiroscariocas.com.br\/index.php\/wp-json\/wp\/v2\/posts\/22941","targetHints":{"allow":["GET"]}}],"collection":[{"href":"https:\/\/roteiroscariocas.com.br\/index.php\/wp-json\/wp\/v2\/posts"}],"about":[{"href":"https:\/\/roteiroscariocas.com.br\/index.php\/wp-json\/wp\/v2\/types\/post"}],"author":[{"embeddable":true,"href":"https:\/\/roteiroscariocas.com.br\/index.php\/wp-json\/wp\/v2\/users\/1"}],"replies":[{"embeddable":true,"href":"https:\/\/roteiroscariocas.com.br\/index.php\/wp-json\/wp\/v2\/comments?post=22941"}],"version-history":[{"count":0,"href":"https:\/\/roteiroscariocas.com.br\/index.php\/wp-json\/wp\/v2\/posts\/22941\/revisions"}],"wp:featuredmedia":[{"embeddable":true,"href":"https:\/\/roteiroscariocas.com.br\/index.php\/wp-json\/wp\/v2\/media\/22937"}],"wp:attachment":[{"href":"https:\/\/roteiroscariocas.com.br\/index.php\/wp-json\/wp\/v2\/media?parent=22941"}],"wp:term":[{"taxonomy":"category","embeddable":true,"href":"https:\/\/roteiroscariocas.com.br\/index.php\/wp-json\/wp\/v2\/categories?post=22941"},{"taxonomy":"post_tag","embeddable":true,"href":"https:\/\/roteiroscariocas.com.br\/index.php\/wp-json\/wp\/v2\/tags?post=22941"}],"curies":[{"name":"wp","href":"https:\/\/api.w.org\/{rel}","templated":true}]}}