{"id":22949,"date":"2026-09-03T11:39:39","date_gmt":"2026-09-03T14:39:39","guid":{"rendered":"https:\/\/roteiroscariocas.com.br\/index.php\/2026\/09\/03\/de-portugal-para-a-sapucai-musa-fitness-ximene-barbosa-estreia-na-unidos-da-pont\/"},"modified":"2026-09-03T11:39:39","modified_gmt":"2026-09-03T14:39:39","slug":"de-portugal-para-a-sapucai-musa-fitness-ximene-barbosa-estreia-na-unidos-da-pont","status":"publish","type":"post","link":"https:\/\/roteiroscariocas.com.br\/index.php\/2026\/09\/03\/de-portugal-para-a-sapucai-musa-fitness-ximene-barbosa-estreia-na-unidos-da-pont\/","title":{"rendered":"De Portugal para a Sapuca\u00ed: musa fitness Ximene Barbosa estreia na Unidos da Ponte"},"content":{"rendered":"<p>A musa fitness Ximene Barbosa viver\u00e1 um momento especial no Carnaval 2027: sua estreia na Marqu\u00eas de Sapuca\u00ed como musa da Unidos da Ponte. Brasileira radicada em Portugal, ela v\u00ea no samba uma forte liga\u00e7\u00e3o com suas origens e uma forma de manter viva sua conex\u00e3o com o Brasil.<\/p>\n<p>Criada ouvindo samba em casa, Ximene conta que sua rela\u00e7\u00e3o com essa manifesta\u00e7\u00e3o cultural se tornou ainda mais intensa depois que passou a viver na Europa. \u201cDepois que vim morar na Europa, a minha liga\u00e7\u00e3o com o samba se tornou ainda mais forte. Ele virou uma casa longe de casa, uma maneira de matar a saudade, reencontrar a minha identidade e me sentir mais pr\u00f3xima das minhas ra\u00edzes\u201d, afirma.<\/p>\n<p>Para Ximene, o samba representa alegria, acolhimento, mem\u00f3ria e pertencimento. Entre suas inspira\u00e7\u00f5es est\u00e1 Alex Coutinho, a quem admira pelo trabalho de divulga\u00e7\u00e3o do samba e da cultura brasileira em diferentes pa\u00edses. \u201cComo brasileira vivendo na Europa, me identifico com essa miss\u00e3o de manter vivas as nossas ra\u00edzes e espalhar pelo mundo a alegria que faz parte da nossa cultura\u201d, destaca.<\/p>\n<p>A chegada \u00e0 Unidos da Ponte ganha um significado ainda mais especial por conta do enredo \u201cTYBYRA\u201d, que desperta em Ximene uma profunda conex\u00e3o com sua ancestralidade. Suas duas bisav\u00f3s eram ind\u00edgenas, tornando a homenagem ainda mais pessoal e emocionante.<\/p>\n<p>\u201cSer musa da escola em 2027 ficou ainda mais especial para mim porque o tema tamb\u00e9m toca a minha ancestralidade. Viver longe da minha terra faz com que eu valorize ainda mais momentos em que posso celebrar quem sou e de onde venho\u201d, ressalta.<\/p>\n<p>Para sua estreia na Avenida, Ximene espera viver intensamente a experi\u00eancia ao lado da comunidade. \u201cMais do que desfilar, quero construir la\u00e7os, aprender, crescer e partilhar experi\u00eancias. Minha maior expectativa \u00e9 estar em casa, reencontrando minhas ra\u00edzes, minha cultura e pessoas que compartilham esse mesmo sentimento de pertencimento\u201d, finaliza.<\/p>\n<figure class=\"wp-block-image size-large\"><img decoding=\"async\" src=\"https:\/\/roteiroscariocas.com.br\/wp-content\/uploads\/2026\/09\/de-portugal-para-a-sapucai-musa-fitness-ximene-barbosa-estreia-na-unidos-da-pont-corpo1.jpg\" alt=\"De Portugal para a Sapuca\u00ed: musa fitness Ximene Barbosa estreia na Unidos da Ponte\"\/><\/figure>\n<figure class=\"wp-block-image size-large\"><img decoding=\"async\" src=\"https:\/\/roteiroscariocas.com.br\/wp-content\/uploads\/2026\/09\/de-portugal-para-a-sapucai-musa-fitness-ximene-barbosa-estreia-na-unidos-da-pont-corpo2.jpg\" alt=\"De Portugal para a Sapuca\u00ed: musa fitness Ximene Barbosa estreia na Unidos da Ponte\"\/><\/figure>\n","protected":false},"excerpt":{"rendered":"<p>Radicada na Europa, a nova musa da azul e branco de S\u00e3o Jo\u00e3o de Meriti celebra conex\u00e3o com suas ra\u00edzes ind\u00edgenas<\/p>\n","protected":false},"author":1,"featured_media":22942,"comment_status":"","ping_status":"open","sticky":false,"template":"","format":"standard","meta":{"colormag_page_container_layout":"default_layout","colormag_page_sidebar_layout":"default_layout","ngg_post_thumbnail":0,"footnotes":""},"categories":[38],"tags":[],"class_list":["post-22949","post","type-post","status-publish","format-standard","has-post-thumbnail","hentry","category-ouro"],"_links":{"self":[{"href":"https:\/\/roteiroscariocas.com.br\/index.php\/wp-json\/wp\/v2\/posts\/22949","targetHints":{"allow":["GET"]}}],"collection":[{"href":"https:\/\/roteiroscariocas.com.br\/index.php\/wp-json\/wp\/v2\/posts"}],"about":[{"href":"https:\/\/roteiroscariocas.com.br\/index.php\/wp-json\/wp\/v2\/types\/post"}],"author":[{"embeddable":true,"href":"https:\/\/roteiroscariocas.com.br\/index.php\/wp-json\/wp\/v2\/users\/1"}],"replies":[{"embeddable":true,"href":"https:\/\/roteiroscariocas.com.br\/index.php\/wp-json\/wp\/v2\/comments?post=22949"}],"version-history":[{"count":0,"href":"https:\/\/roteiroscariocas.com.br\/index.php\/wp-json\/wp\/v2\/posts\/22949\/revisions"}],"wp:featuredmedia":[{"embeddable":true,"href":"https:\/\/roteiroscariocas.com.br\/index.php\/wp-json\/wp\/v2\/media\/22942"}],"wp:attachment":[{"href":"https:\/\/roteiroscariocas.com.br\/index.php\/wp-json\/wp\/v2\/media?parent=22949"}],"wp:term":[{"taxonomy":"category","embeddable":true,"href":"https:\/\/roteiroscariocas.com.br\/index.php\/wp-json\/wp\/v2\/categories?post=22949"},{"taxonomy":"post_tag","embeddable":true,"href":"https:\/\/roteiroscariocas.com.br\/index.php\/wp-json\/wp\/v2\/tags?post=22949"}],"curies":[{"name":"wp","href":"https:\/\/api.w.org\/{rel}","templated":true}]}}